{"id":7262,"date":"2024-10-01T08:14:51","date_gmt":"2024-10-01T08:14:51","guid":{"rendered":"http:\/\/ilan.tavsanli.bel.tr\/?p=7262"},"modified":"2024-10-01T08:14:51","modified_gmt":"2024-10-01T08:14:51","slug":"7262","status":"publish","type":"post","link":"http:\/\/ilan.tavsanli.bel.tr\/index.php\/2024\/10\/01\/7262\/","title":{"rendered":""},"content":{"rendered":"<p>\u00c7ardakl\u0131 mahallesinden merhum Hasan Demir\u2019in e\u015fi, merhum \u0130smail ve merhum Hasan Kaynak\u2019\u0131n k\u0131z karde\u015fi, Ahmet ve \u0130brahim Demir\u2019in anneleri, Galip Kaynak\u2019\u0131n kay\u0131nvalidesi, AR\u0130FE DEM\u0130R vefat etmi\u015ftir. Cenazesi \u00f6\u011fle namaz\u0131n\u0131 m\u00fcteakip \u00e7ardakl\u0131 mahallesi mezarl\u0131\u011f\u0131na defnedilecektir. Merhumeye Allah\u2019tan rahmet ailesine ve yak\u0131nlar\u0131na ba\u015fsa\u011fl\u0131\u011f\u0131 dileriz.<\/p>\n","protected":false},"excerpt":{"rendered":"<p>\u00c7ardakl\u0131 mahallesinden merhum Hasan Demir\u2019in e\u015fi, merhum \u0130smail ve merhum Hasan Kaynak\u2019\u0131n k\u0131z karde\u015fi, Ahmet ve \u0130brahim Demir\u2019in anneleri, Galip Kaynak\u2019\u0131n kay\u0131nvalidesi, AR\u0130FE DEM\u0130R vefat etmi\u015ftir. Cenazesi \u00f6\u011fle namaz\u0131n\u0131 m\u00fcteakip \u00e7ardakl\u0131 mahallesi mezarl\u0131\u011f\u0131na defnedilecektir. Merhumeye Allah\u2019tan rahmet ailesine ve yak\u0131nlar\u0131na ba\u015fsa\u011fl\u0131\u011f\u0131 dileriz.<\/p>\n","protected":false},"author":7,"featured_media":0,"comment_status":"closed","ping_status":"closed","sticky":false,"template":"","format":"standard","meta":[],"categories":[2],"tags":[],"_links":{"self":[{"href":"http:\/\/ilan.tavsanli.bel.tr\/index.php\/wp-json\/wp\/v2\/posts\/7262"}],"collection":[{"href":"http:\/\/ilan.tavsanli.bel.tr\/index.php\/wp-json\/wp\/v2\/posts"}],"about":[{"href":"http:\/\/ilan.tavsanli.bel.tr\/index.php\/wp-json\/wp\/v2\/types\/post"}],"author":[{"embeddable":true,"href":"http:\/\/ilan.tavsanli.bel.tr\/index.php\/wp-json\/wp\/v2\/users\/7"}],"replies":[{"embeddable":true,"href":"http:\/\/ilan.tavsanli.bel.tr\/index.php\/wp-json\/wp\/v2\/comments?post=7262"}],"version-history":[{"count":1,"href":"http:\/\/ilan.tavsanli.bel.tr\/index.php\/wp-json\/wp\/v2\/posts\/7262\/revisions"}],"predecessor-version":[{"id":7263,"href":"http:\/\/ilan.tavsanli.bel.tr\/index.php\/wp-json\/wp\/v2\/posts\/7262\/revisions\/7263"}],"wp:attachment":[{"href":"http:\/\/ilan.tavsanli.bel.tr\/index.php\/wp-json\/wp\/v2\/media?parent=7262"}],"wp:term":[{"taxonomy":"category","embeddable":true,"href":"http:\/\/ilan.tavsanli.bel.tr\/index.php\/wp-json\/wp\/v2\/categories?post=7262"},{"taxonomy":"post_tag","embeddable":true,"href":"http:\/\/ilan.tavsanli.bel.tr\/index.php\/wp-json\/wp\/v2\/tags?post=7262"}],"curies":[{"name":"wp","href":"https:\/\/api.w.org\/{rel}","templated":true}]}}