{"id":6949,"date":"2024-08-05T08:09:55","date_gmt":"2024-08-05T08:09:55","guid":{"rendered":"http:\/\/ilan.tavsanli.bel.tr\/?p=6949"},"modified":"2024-08-05T08:09:55","modified_gmt":"2024-08-05T08:09:55","slug":"6949","status":"publish","type":"post","link":"http:\/\/ilan.tavsanli.bel.tr\/index.php\/2024\/08\/05\/6949\/","title":{"rendered":""},"content":{"rendered":"<p>Kayaaras\u0131 k\u00f6y\u00fcnden Y\u00fccel \u00c7a\u011flar\u2019\u0131n o\u011flu, merhum \u0130brahim \u00c7a\u011flar ve Halil Karatepe\u2019nin torunu, \u0130brahim \u00c7a\u011flar\u2019\u0131n karde\u015fi, \u00d6mer G\u00f6k\u2019\u00fcn damad\u0131, orman i\u015fletmesi \u00e7al\u0131\u015fan\u0131 KAAN \u00c7A\u011eLAR vefat etmi\u015ftir. Cenazesi \u00f6\u011fle namaz\u0131n\u0131 m\u00fcteakip kayaaras\u0131 k\u00f6y\u00fc mezarl\u0131\u011f\u0131na defnedilecektir. Merhuma Allah&#8217;tan rahmet ailesine ve yak\u0131nlar\u0131na ba\u015fsa\u011fl\u0131\u011f\u0131 dileriz.<\/p>\n","protected":false},"excerpt":{"rendered":"<p>Kayaaras\u0131 k\u00f6y\u00fcnden Y\u00fccel \u00c7a\u011flar\u2019\u0131n o\u011flu, merhum \u0130brahim \u00c7a\u011flar ve Halil Karatepe\u2019nin torunu, \u0130brahim \u00c7a\u011flar\u2019\u0131n karde\u015fi, \u00d6mer G\u00f6k\u2019\u00fcn damad\u0131, orman i\u015fletmesi \u00e7al\u0131\u015fan\u0131 KAAN \u00c7A\u011eLAR vefat etmi\u015ftir. Cenazesi \u00f6\u011fle namaz\u0131n\u0131 m\u00fcteakip kayaaras\u0131 k\u00f6y\u00fc mezarl\u0131\u011f\u0131na defnedilecektir. Merhuma Allah&#8217;tan rahmet ailesine ve yak\u0131nlar\u0131na ba\u015fsa\u011fl\u0131\u011f\u0131 dileriz.<\/p>\n","protected":false},"author":7,"featured_media":0,"comment_status":"closed","ping_status":"closed","sticky":false,"template":"","format":"standard","meta":[],"categories":[2],"tags":[],"_links":{"self":[{"href":"http:\/\/ilan.tavsanli.bel.tr\/index.php\/wp-json\/wp\/v2\/posts\/6949"}],"collection":[{"href":"http:\/\/ilan.tavsanli.bel.tr\/index.php\/wp-json\/wp\/v2\/posts"}],"about":[{"href":"http:\/\/ilan.tavsanli.bel.tr\/index.php\/wp-json\/wp\/v2\/types\/post"}],"author":[{"embeddable":true,"href":"http:\/\/ilan.tavsanli.bel.tr\/index.php\/wp-json\/wp\/v2\/users\/7"}],"replies":[{"embeddable":true,"href":"http:\/\/ilan.tavsanli.bel.tr\/index.php\/wp-json\/wp\/v2\/comments?post=6949"}],"version-history":[{"count":1,"href":"http:\/\/ilan.tavsanli.bel.tr\/index.php\/wp-json\/wp\/v2\/posts\/6949\/revisions"}],"predecessor-version":[{"id":6950,"href":"http:\/\/ilan.tavsanli.bel.tr\/index.php\/wp-json\/wp\/v2\/posts\/6949\/revisions\/6950"}],"wp:attachment":[{"href":"http:\/\/ilan.tavsanli.bel.tr\/index.php\/wp-json\/wp\/v2\/media?parent=6949"}],"wp:term":[{"taxonomy":"category","embeddable":true,"href":"http:\/\/ilan.tavsanli.bel.tr\/index.php\/wp-json\/wp\/v2\/categories?post=6949"},{"taxonomy":"post_tag","embeddable":true,"href":"http:\/\/ilan.tavsanli.bel.tr\/index.php\/wp-json\/wp\/v2\/tags?post=6949"}],"curies":[{"name":"wp","href":"https:\/\/api.w.org\/{rel}","templated":true}]}}