{"id":6897,"date":"2024-07-29T08:29:10","date_gmt":"2024-07-29T08:29:10","guid":{"rendered":"http:\/\/ilan.tavsanli.bel.tr\/?p=6897"},"modified":"2024-07-29T08:29:10","modified_gmt":"2024-07-29T08:29:10","slug":"6897","status":"publish","type":"post","link":"http:\/\/ilan.tavsanli.bel.tr\/index.php\/2024\/07\/29\/6897\/","title":{"rendered":""},"content":{"rendered":"<p>\u015eapc\u0131 k\u00f6y\u00fcnden Emine Keles ve Recep Kayal\u0131\u2019n\u0131n abisi, Rukiye, \u015eefika ve Refika Kayal\u0131\u2019n\u0131n babalar\u0131, \u00d6mer Faruk Din\u00e7\u2019in kay\u0131npederi, almanyadan emekli MEHMET KAYALI vefat etmi\u015ftir. Cenaze \u00f6\u011fle namaz\u0131n\u0131 m\u00fcteakip \u015fapc\u0131 k\u00f6y\u00fc mezarl\u0131\u011f\u0131na defnedilecektir. Merhuma Allah&#8217;tan rahmet ailesine ve yak\u0131nlar\u0131na ba\u015fsa\u011fl\u0131\u011f\u0131 dileriz.<\/p>\n","protected":false},"excerpt":{"rendered":"<p>\u015eapc\u0131 k\u00f6y\u00fcnden Emine Keles ve Recep Kayal\u0131\u2019n\u0131n abisi, Rukiye, \u015eefika ve Refika Kayal\u0131\u2019n\u0131n babalar\u0131, \u00d6mer Faruk Din\u00e7\u2019in kay\u0131npederi, almanyadan emekli MEHMET KAYALI vefat etmi\u015ftir. Cenaze \u00f6\u011fle namaz\u0131n\u0131 m\u00fcteakip \u015fapc\u0131 k\u00f6y\u00fc mezarl\u0131\u011f\u0131na defnedilecektir. Merhuma Allah&#8217;tan rahmet ailesine ve yak\u0131nlar\u0131na ba\u015fsa\u011fl\u0131\u011f\u0131 dileriz.<\/p>\n","protected":false},"author":7,"featured_media":0,"comment_status":"closed","ping_status":"closed","sticky":false,"template":"","format":"standard","meta":[],"categories":[2],"tags":[],"_links":{"self":[{"href":"http:\/\/ilan.tavsanli.bel.tr\/index.php\/wp-json\/wp\/v2\/posts\/6897"}],"collection":[{"href":"http:\/\/ilan.tavsanli.bel.tr\/index.php\/wp-json\/wp\/v2\/posts"}],"about":[{"href":"http:\/\/ilan.tavsanli.bel.tr\/index.php\/wp-json\/wp\/v2\/types\/post"}],"author":[{"embeddable":true,"href":"http:\/\/ilan.tavsanli.bel.tr\/index.php\/wp-json\/wp\/v2\/users\/7"}],"replies":[{"embeddable":true,"href":"http:\/\/ilan.tavsanli.bel.tr\/index.php\/wp-json\/wp\/v2\/comments?post=6897"}],"version-history":[{"count":1,"href":"http:\/\/ilan.tavsanli.bel.tr\/index.php\/wp-json\/wp\/v2\/posts\/6897\/revisions"}],"predecessor-version":[{"id":6898,"href":"http:\/\/ilan.tavsanli.bel.tr\/index.php\/wp-json\/wp\/v2\/posts\/6897\/revisions\/6898"}],"wp:attachment":[{"href":"http:\/\/ilan.tavsanli.bel.tr\/index.php\/wp-json\/wp\/v2\/media?parent=6897"}],"wp:term":[{"taxonomy":"category","embeddable":true,"href":"http:\/\/ilan.tavsanli.bel.tr\/index.php\/wp-json\/wp\/v2\/categories?post=6897"},{"taxonomy":"post_tag","embeddable":true,"href":"http:\/\/ilan.tavsanli.bel.tr\/index.php\/wp-json\/wp\/v2\/tags?post=6897"}],"curies":[{"name":"wp","href":"https:\/\/api.w.org\/{rel}","templated":true}]}}