{"id":6891,"date":"2024-07-28T11:06:33","date_gmt":"2024-07-28T11:06:33","guid":{"rendered":"http:\/\/ilan.tavsanli.bel.tr\/?p=6891"},"modified":"2024-07-28T11:06:33","modified_gmt":"2024-07-28T11:06:33","slug":"6891","status":"publish","type":"post","link":"http:\/\/ilan.tavsanli.bel.tr\/index.php\/2024\/07\/28\/6891\/","title":{"rendered":""},"content":{"rendered":"<p>Moymul mahallesinden merhum Halil Ar\u0131&#8217;n\u0131n e\u015fi, Mehmet Kamal\u0131&#8217;n\u0131n karde\u015fi, Mehmet Ar\u0131&#8217;n\u0131n annesi, Ahmet Yi\u011fit ve Zekeriya Karaman&#8217;\u0131n kay\u0131nvalidesi, M\u00dcR\u00dcVVET ARI vefat etmi\u015ftir. Cenazesi moymul yukar\u0131 camisinde k\u0131l\u0131nacak ikindi namaz\u0131n\u0131 m\u00fcteakip moymul mahallesi mezarl\u0131\u011f\u0131na defnedilecektir. Merhumeye Allah&#8217;tan rahmet ailesine ve yak\u0131nlar\u0131na ba\u015fsa\u011fl\u0131\u011f\u0131 dileriz.<\/p>\n","protected":false},"excerpt":{"rendered":"<p>Moymul mahallesinden merhum Halil Ar\u0131&#8217;n\u0131n e\u015fi, Mehmet Kamal\u0131&#8217;n\u0131n karde\u015fi, Mehmet Ar\u0131&#8217;n\u0131n annesi, Ahmet Yi\u011fit ve Zekeriya Karaman&#8217;\u0131n kay\u0131nvalidesi, M\u00dcR\u00dcVVET ARI vefat etmi\u015ftir. Cenazesi moymul yukar\u0131 camisinde k\u0131l\u0131nacak ikindi namaz\u0131n\u0131 m\u00fcteakip moymul mahallesi mezarl\u0131\u011f\u0131na defnedilecektir. Merhumeye Allah&#8217;tan rahmet ailesine ve yak\u0131nlar\u0131na ba\u015fsa\u011fl\u0131\u011f\u0131 dileriz.<\/p>\n","protected":false},"author":7,"featured_media":0,"comment_status":"closed","ping_status":"closed","sticky":false,"template":"","format":"standard","meta":[],"categories":[2],"tags":[],"_links":{"self":[{"href":"http:\/\/ilan.tavsanli.bel.tr\/index.php\/wp-json\/wp\/v2\/posts\/6891"}],"collection":[{"href":"http:\/\/ilan.tavsanli.bel.tr\/index.php\/wp-json\/wp\/v2\/posts"}],"about":[{"href":"http:\/\/ilan.tavsanli.bel.tr\/index.php\/wp-json\/wp\/v2\/types\/post"}],"author":[{"embeddable":true,"href":"http:\/\/ilan.tavsanli.bel.tr\/index.php\/wp-json\/wp\/v2\/users\/7"}],"replies":[{"embeddable":true,"href":"http:\/\/ilan.tavsanli.bel.tr\/index.php\/wp-json\/wp\/v2\/comments?post=6891"}],"version-history":[{"count":1,"href":"http:\/\/ilan.tavsanli.bel.tr\/index.php\/wp-json\/wp\/v2\/posts\/6891\/revisions"}],"predecessor-version":[{"id":6892,"href":"http:\/\/ilan.tavsanli.bel.tr\/index.php\/wp-json\/wp\/v2\/posts\/6891\/revisions\/6892"}],"wp:attachment":[{"href":"http:\/\/ilan.tavsanli.bel.tr\/index.php\/wp-json\/wp\/v2\/media?parent=6891"}],"wp:term":[{"taxonomy":"category","embeddable":true,"href":"http:\/\/ilan.tavsanli.bel.tr\/index.php\/wp-json\/wp\/v2\/categories?post=6891"},{"taxonomy":"post_tag","embeddable":true,"href":"http:\/\/ilan.tavsanli.bel.tr\/index.php\/wp-json\/wp\/v2\/tags?post=6891"}],"curies":[{"name":"wp","href":"https:\/\/api.w.org\/{rel}","templated":true}]}}