{"id":6883,"date":"2024-07-26T09:52:46","date_gmt":"2024-07-26T09:52:46","guid":{"rendered":"http:\/\/ilan.tavsanli.bel.tr\/?p=6883"},"modified":"2024-07-26T09:52:46","modified_gmt":"2024-07-26T09:52:46","slug":"6883","status":"publish","type":"post","link":"http:\/\/ilan.tavsanli.bel.tr\/index.php\/2024\/07\/26\/6883\/","title":{"rendered":""},"content":{"rendered":"<p>Merkez Yenik\u00f6yden Ramazan, G\u00fclfiye ve Seyfi Tetik&#8217;in babalar\u0131, Ali Tetik&#8217;in karde\u015fi, \u015eaban Ali Ak\u0131n&#8217;\u0131n kay\u0131npederi, zararl\u0131 lakapl\u0131 \u0130SMA\u0130L TET\u0130K vefat etmi\u015ftir. Cenazesi cuma namaz\u0131n\u0131 m\u00fcteakip merkez yenik\u00f6y mezarl\u0131\u011f\u0131na defnedilecektir. Merhuma Allah&#8217;tan rahmet ailesine ve yak\u0131nlar\u0131na ba\u015fsa\u011fl\u0131\u011f\u0131 dileriz.<\/p>\n","protected":false},"excerpt":{"rendered":"<p>Merkez Yenik\u00f6yden Ramazan, G\u00fclfiye ve Seyfi Tetik&#8217;in babalar\u0131, Ali Tetik&#8217;in karde\u015fi, \u015eaban Ali Ak\u0131n&#8217;\u0131n kay\u0131npederi, zararl\u0131 lakapl\u0131 \u0130SMA\u0130L TET\u0130K vefat etmi\u015ftir. Cenazesi cuma namaz\u0131n\u0131 m\u00fcteakip merkez yenik\u00f6y mezarl\u0131\u011f\u0131na defnedilecektir. Merhuma Allah&#8217;tan rahmet ailesine ve yak\u0131nlar\u0131na ba\u015fsa\u011fl\u0131\u011f\u0131 dileriz.<\/p>\n","protected":false},"author":7,"featured_media":0,"comment_status":"closed","ping_status":"closed","sticky":false,"template":"","format":"standard","meta":[],"categories":[2],"tags":[],"_links":{"self":[{"href":"http:\/\/ilan.tavsanli.bel.tr\/index.php\/wp-json\/wp\/v2\/posts\/6883"}],"collection":[{"href":"http:\/\/ilan.tavsanli.bel.tr\/index.php\/wp-json\/wp\/v2\/posts"}],"about":[{"href":"http:\/\/ilan.tavsanli.bel.tr\/index.php\/wp-json\/wp\/v2\/types\/post"}],"author":[{"embeddable":true,"href":"http:\/\/ilan.tavsanli.bel.tr\/index.php\/wp-json\/wp\/v2\/users\/7"}],"replies":[{"embeddable":true,"href":"http:\/\/ilan.tavsanli.bel.tr\/index.php\/wp-json\/wp\/v2\/comments?post=6883"}],"version-history":[{"count":1,"href":"http:\/\/ilan.tavsanli.bel.tr\/index.php\/wp-json\/wp\/v2\/posts\/6883\/revisions"}],"predecessor-version":[{"id":6884,"href":"http:\/\/ilan.tavsanli.bel.tr\/index.php\/wp-json\/wp\/v2\/posts\/6883\/revisions\/6884"}],"wp:attachment":[{"href":"http:\/\/ilan.tavsanli.bel.tr\/index.php\/wp-json\/wp\/v2\/media?parent=6883"}],"wp:term":[{"taxonomy":"category","embeddable":true,"href":"http:\/\/ilan.tavsanli.bel.tr\/index.php\/wp-json\/wp\/v2\/categories?post=6883"},{"taxonomy":"post_tag","embeddable":true,"href":"http:\/\/ilan.tavsanli.bel.tr\/index.php\/wp-json\/wp\/v2\/tags?post=6883"}],"curies":[{"name":"wp","href":"https:\/\/api.w.org\/{rel}","templated":true}]}}