{"id":6847,"date":"2024-07-20T08:13:13","date_gmt":"2024-07-20T08:13:13","guid":{"rendered":"http:\/\/ilan.tavsanli.bel.tr\/?p=6847"},"modified":"2024-07-20T08:13:13","modified_gmt":"2024-07-20T08:13:13","slug":"6847","status":"publish","type":"post","link":"http:\/\/ilan.tavsanli.bel.tr\/index.php\/2024\/07\/20\/6847\/","title":{"rendered":""},"content":{"rendered":"<p>Ayval\u0131 k\u00f6y\u00fcnden merhum Nejdet \u00d6ner&#8217;in e\u015fi, Mehmet \u00d6ner&#8217;in annesi, \u0130brahim T\u00fcrk&#8217;\u00fcn kay\u0131nvalidesi, Nejdet ve \u0130brahim Salk\u0131mc\u0131&#8217;n\u0131n ablas\u0131, HAVVA \u00d6NER vefat etmi\u015ftir. Cenazesi \u00f6\u011fle namaz\u0131n\u0131 m\u00fcteakip ayval\u0131 k\u00f6y\u00fc mezarl\u0131\u011f\u0131na defnedilecektir. Merhumeye Allah&#8217;tan rahmet ailesine ve yak\u0131nlar\u0131na ba\u015fsa\u011fl\u0131\u011f\u0131 dileriz.<\/p>\n","protected":false},"excerpt":{"rendered":"<p>Ayval\u0131 k\u00f6y\u00fcnden merhum Nejdet \u00d6ner&#8217;in e\u015fi, Mehmet \u00d6ner&#8217;in annesi, \u0130brahim T\u00fcrk&#8217;\u00fcn kay\u0131nvalidesi, Nejdet ve \u0130brahim Salk\u0131mc\u0131&#8217;n\u0131n ablas\u0131, HAVVA \u00d6NER vefat etmi\u015ftir. Cenazesi \u00f6\u011fle namaz\u0131n\u0131 m\u00fcteakip ayval\u0131 k\u00f6y\u00fc mezarl\u0131\u011f\u0131na defnedilecektir. Merhumeye Allah&#8217;tan rahmet ailesine ve yak\u0131nlar\u0131na ba\u015fsa\u011fl\u0131\u011f\u0131 dileriz.<\/p>\n","protected":false},"author":7,"featured_media":0,"comment_status":"closed","ping_status":"closed","sticky":false,"template":"","format":"standard","meta":[],"categories":[2],"tags":[],"_links":{"self":[{"href":"http:\/\/ilan.tavsanli.bel.tr\/index.php\/wp-json\/wp\/v2\/posts\/6847"}],"collection":[{"href":"http:\/\/ilan.tavsanli.bel.tr\/index.php\/wp-json\/wp\/v2\/posts"}],"about":[{"href":"http:\/\/ilan.tavsanli.bel.tr\/index.php\/wp-json\/wp\/v2\/types\/post"}],"author":[{"embeddable":true,"href":"http:\/\/ilan.tavsanli.bel.tr\/index.php\/wp-json\/wp\/v2\/users\/7"}],"replies":[{"embeddable":true,"href":"http:\/\/ilan.tavsanli.bel.tr\/index.php\/wp-json\/wp\/v2\/comments?post=6847"}],"version-history":[{"count":1,"href":"http:\/\/ilan.tavsanli.bel.tr\/index.php\/wp-json\/wp\/v2\/posts\/6847\/revisions"}],"predecessor-version":[{"id":6848,"href":"http:\/\/ilan.tavsanli.bel.tr\/index.php\/wp-json\/wp\/v2\/posts\/6847\/revisions\/6848"}],"wp:attachment":[{"href":"http:\/\/ilan.tavsanli.bel.tr\/index.php\/wp-json\/wp\/v2\/media?parent=6847"}],"wp:term":[{"taxonomy":"category","embeddable":true,"href":"http:\/\/ilan.tavsanli.bel.tr\/index.php\/wp-json\/wp\/v2\/categories?post=6847"},{"taxonomy":"post_tag","embeddable":true,"href":"http:\/\/ilan.tavsanli.bel.tr\/index.php\/wp-json\/wp\/v2\/tags?post=6847"}],"curies":[{"name":"wp","href":"https:\/\/api.w.org\/{rel}","templated":true}]}}