{"id":6845,"date":"2024-07-19T11:21:51","date_gmt":"2024-07-19T11:21:51","guid":{"rendered":"http:\/\/ilan.tavsanli.bel.tr\/?p=6845"},"modified":"2024-07-19T11:21:51","modified_gmt":"2024-07-19T11:21:51","slug":"6845","status":"publish","type":"post","link":"http:\/\/ilan.tavsanli.bel.tr\/index.php\/2024\/07\/19\/6845\/","title":{"rendered":""},"content":{"rendered":"<p><strong>Simav da\u011fard\u0131 beldesinden Adem E\u015fibayan\u2019\u0131n e\u015fi, \u015eerife, Nurg\u00fcl, H\u00fcseyin, Taner, \u0130smail Sefer, Ahmet Ali ve Recep E\u015fibayan\u2019\u0131n anneleri, ZEYNEP E\u015e\u0130BAYAN OKTAY etmi\u015ftir. Cenazesi suba\u015f\u0131 camisinde k\u0131l\u0131nacak ikindi namaz\u0131n\u0131 m\u00fcteakip yeni yaylac\u0131k mezarl\u0131\u011f\u0131na defnedilecektir. Merhumeye Allah&#8217;tan rahmet ailesine ve yak\u0131nlar\u0131na ba\u015fsa\u011fl\u0131\u011f\u0131 dileriz.<\/strong><\/p>\n","protected":false},"excerpt":{"rendered":"<p>Simav da\u011fard\u0131 beldesinden Adem E\u015fibayan\u2019\u0131n e\u015fi, \u015eerife, Nurg\u00fcl, H\u00fcseyin, Taner, \u0130smail Sefer, Ahmet Ali ve Recep E\u015fibayan\u2019\u0131n anneleri, ZEYNEP E\u015e\u0130BAYAN OKTAY etmi\u015ftir. Cenazesi suba\u015f\u0131 camisinde k\u0131l\u0131nacak ikindi namaz\u0131n\u0131 m\u00fcteakip yeni yaylac\u0131k mezarl\u0131\u011f\u0131na defnedilecektir. Merhumeye Allah&#8217;tan rahmet ailesine ve yak\u0131nlar\u0131na ba\u015fsa\u011fl\u0131\u011f\u0131 dileriz.<\/p>\n","protected":false},"author":7,"featured_media":0,"comment_status":"closed","ping_status":"closed","sticky":false,"template":"","format":"standard","meta":[],"categories":[2],"tags":[],"_links":{"self":[{"href":"http:\/\/ilan.tavsanli.bel.tr\/index.php\/wp-json\/wp\/v2\/posts\/6845"}],"collection":[{"href":"http:\/\/ilan.tavsanli.bel.tr\/index.php\/wp-json\/wp\/v2\/posts"}],"about":[{"href":"http:\/\/ilan.tavsanli.bel.tr\/index.php\/wp-json\/wp\/v2\/types\/post"}],"author":[{"embeddable":true,"href":"http:\/\/ilan.tavsanli.bel.tr\/index.php\/wp-json\/wp\/v2\/users\/7"}],"replies":[{"embeddable":true,"href":"http:\/\/ilan.tavsanli.bel.tr\/index.php\/wp-json\/wp\/v2\/comments?post=6845"}],"version-history":[{"count":1,"href":"http:\/\/ilan.tavsanli.bel.tr\/index.php\/wp-json\/wp\/v2\/posts\/6845\/revisions"}],"predecessor-version":[{"id":6846,"href":"http:\/\/ilan.tavsanli.bel.tr\/index.php\/wp-json\/wp\/v2\/posts\/6845\/revisions\/6846"}],"wp:attachment":[{"href":"http:\/\/ilan.tavsanli.bel.tr\/index.php\/wp-json\/wp\/v2\/media?parent=6845"}],"wp:term":[{"taxonomy":"category","embeddable":true,"href":"http:\/\/ilan.tavsanli.bel.tr\/index.php\/wp-json\/wp\/v2\/categories?post=6845"},{"taxonomy":"post_tag","embeddable":true,"href":"http:\/\/ilan.tavsanli.bel.tr\/index.php\/wp-json\/wp\/v2\/tags?post=6845"}],"curies":[{"name":"wp","href":"https:\/\/api.w.org\/{rel}","templated":true}]}}