{"id":6843,"date":"2024-07-19T09:22:23","date_gmt":"2024-07-19T09:22:23","guid":{"rendered":"http:\/\/ilan.tavsanli.bel.tr\/?p=6843"},"modified":"2024-07-19T09:22:23","modified_gmt":"2024-07-19T09:22:23","slug":"6843","status":"publish","type":"post","link":"http:\/\/ilan.tavsanli.bel.tr\/index.php\/2024\/07\/19\/6843\/","title":{"rendered":""},"content":{"rendered":"<p><strong>Arifler k\u00f6y\u00fcnden Selime ve Ramazan Ko\u00e7\u2019un o\u011flu, Mehmet Selim ve Arif Ko\u00e7\u2019un karde\u015fi, Tuba ve \u00d6zlem Ko\u00e7\u2019un babalar\u0131, OSMAN KO\u00c7 vefat etmi\u015ftir. Cenazesi cuma namaz\u0131n\u0131 m\u00fcteakip K\u00fctahya evliya \u00e7elebi mezarl\u0131\u011f\u0131na defnedilecektir. Merhuma Allah&#8217;tan rahmet ailesine ve yak\u0131nlar\u0131na ba\u015fsa\u011fl\u0131\u011f\u0131 dileriz.<\/strong><\/p>\n","protected":false},"excerpt":{"rendered":"<p>Arifler k\u00f6y\u00fcnden Selime ve Ramazan Ko\u00e7\u2019un o\u011flu, Mehmet Selim ve Arif Ko\u00e7\u2019un karde\u015fi, Tuba ve \u00d6zlem Ko\u00e7\u2019un babalar\u0131, OSMAN KO\u00c7 vefat etmi\u015ftir. Cenazesi cuma namaz\u0131n\u0131 m\u00fcteakip K\u00fctahya evliya \u00e7elebi mezarl\u0131\u011f\u0131na defnedilecektir. Merhuma Allah&#8217;tan rahmet ailesine ve yak\u0131nlar\u0131na ba\u015fsa\u011fl\u0131\u011f\u0131 dileriz.<\/p>\n","protected":false},"author":7,"featured_media":0,"comment_status":"closed","ping_status":"closed","sticky":false,"template":"","format":"standard","meta":[],"categories":[2],"tags":[],"_links":{"self":[{"href":"http:\/\/ilan.tavsanli.bel.tr\/index.php\/wp-json\/wp\/v2\/posts\/6843"}],"collection":[{"href":"http:\/\/ilan.tavsanli.bel.tr\/index.php\/wp-json\/wp\/v2\/posts"}],"about":[{"href":"http:\/\/ilan.tavsanli.bel.tr\/index.php\/wp-json\/wp\/v2\/types\/post"}],"author":[{"embeddable":true,"href":"http:\/\/ilan.tavsanli.bel.tr\/index.php\/wp-json\/wp\/v2\/users\/7"}],"replies":[{"embeddable":true,"href":"http:\/\/ilan.tavsanli.bel.tr\/index.php\/wp-json\/wp\/v2\/comments?post=6843"}],"version-history":[{"count":1,"href":"http:\/\/ilan.tavsanli.bel.tr\/index.php\/wp-json\/wp\/v2\/posts\/6843\/revisions"}],"predecessor-version":[{"id":6844,"href":"http:\/\/ilan.tavsanli.bel.tr\/index.php\/wp-json\/wp\/v2\/posts\/6843\/revisions\/6844"}],"wp:attachment":[{"href":"http:\/\/ilan.tavsanli.bel.tr\/index.php\/wp-json\/wp\/v2\/media?parent=6843"}],"wp:term":[{"taxonomy":"category","embeddable":true,"href":"http:\/\/ilan.tavsanli.bel.tr\/index.php\/wp-json\/wp\/v2\/categories?post=6843"},{"taxonomy":"post_tag","embeddable":true,"href":"http:\/\/ilan.tavsanli.bel.tr\/index.php\/wp-json\/wp\/v2\/tags?post=6843"}],"curies":[{"name":"wp","href":"https:\/\/api.w.org\/{rel}","templated":true}]}}