{"id":6839,"date":"2024-07-19T08:16:33","date_gmt":"2024-07-19T08:16:33","guid":{"rendered":"http:\/\/ilan.tavsanli.bel.tr\/?p=6839"},"modified":"2024-07-19T08:16:33","modified_gmt":"2024-07-19T08:16:33","slug":"6839","status":"publish","type":"post","link":"http:\/\/ilan.tavsanli.bel.tr\/index.php\/2024\/07\/19\/6839\/","title":{"rendered":""},"content":{"rendered":"<p>Vak\u0131f k\u00f6yden Mehmet Bilge\u2019nin k\u0131z\u0131, Musa Akka\u00e7\u2019un e\u015fi, Melahat, Kevser ve Ramazan Bilge\u2019n\u0131n k\u0131z karde\u015fi, AZ\u0130ME AKKO\u00c7 vefat etmi\u015ftir. Cenazesi kurtulu\u015f camisinde k\u0131l\u0131nacak cuma namaz\u0131n\u0131 m\u00fcteakip yeni yaylac\u0131k mezarl\u0131\u011f\u0131na defnedilecektir. Merhumeye Allah&#8217;tan rahmet ailesine ve yak\u0131nlar\u0131na ba\u015fsa\u011fl\u0131\u011f\u0131 dileriz.<\/p>\n","protected":false},"excerpt":{"rendered":"<p>Vak\u0131f k\u00f6yden Mehmet Bilge\u2019nin k\u0131z\u0131, Musa Akka\u00e7\u2019un e\u015fi, Melahat, Kevser ve Ramazan Bilge\u2019n\u0131n k\u0131z karde\u015fi, AZ\u0130ME AKKO\u00c7 vefat etmi\u015ftir. Cenazesi kurtulu\u015f camisinde k\u0131l\u0131nacak cuma namaz\u0131n\u0131 m\u00fcteakip yeni yaylac\u0131k mezarl\u0131\u011f\u0131na defnedilecektir. Merhumeye Allah&#8217;tan rahmet ailesine ve yak\u0131nlar\u0131na ba\u015fsa\u011fl\u0131\u011f\u0131 dileriz.<\/p>\n","protected":false},"author":7,"featured_media":0,"comment_status":"closed","ping_status":"closed","sticky":false,"template":"","format":"standard","meta":[],"categories":[2],"tags":[],"_links":{"self":[{"href":"http:\/\/ilan.tavsanli.bel.tr\/index.php\/wp-json\/wp\/v2\/posts\/6839"}],"collection":[{"href":"http:\/\/ilan.tavsanli.bel.tr\/index.php\/wp-json\/wp\/v2\/posts"}],"about":[{"href":"http:\/\/ilan.tavsanli.bel.tr\/index.php\/wp-json\/wp\/v2\/types\/post"}],"author":[{"embeddable":true,"href":"http:\/\/ilan.tavsanli.bel.tr\/index.php\/wp-json\/wp\/v2\/users\/7"}],"replies":[{"embeddable":true,"href":"http:\/\/ilan.tavsanli.bel.tr\/index.php\/wp-json\/wp\/v2\/comments?post=6839"}],"version-history":[{"count":1,"href":"http:\/\/ilan.tavsanli.bel.tr\/index.php\/wp-json\/wp\/v2\/posts\/6839\/revisions"}],"predecessor-version":[{"id":6840,"href":"http:\/\/ilan.tavsanli.bel.tr\/index.php\/wp-json\/wp\/v2\/posts\/6839\/revisions\/6840"}],"wp:attachment":[{"href":"http:\/\/ilan.tavsanli.bel.tr\/index.php\/wp-json\/wp\/v2\/media?parent=6839"}],"wp:term":[{"taxonomy":"category","embeddable":true,"href":"http:\/\/ilan.tavsanli.bel.tr\/index.php\/wp-json\/wp\/v2\/categories?post=6839"},{"taxonomy":"post_tag","embeddable":true,"href":"http:\/\/ilan.tavsanli.bel.tr\/index.php\/wp-json\/wp\/v2\/tags?post=6839"}],"curies":[{"name":"wp","href":"https:\/\/api.w.org\/{rel}","templated":true}]}}