{"id":6805,"date":"2024-07-11T08:05:14","date_gmt":"2024-07-11T08:05:14","guid":{"rendered":"http:\/\/ilan.tavsanli.bel.tr\/?p=6805"},"modified":"2024-07-11T08:05:14","modified_gmt":"2024-07-11T08:05:14","slug":"6805","status":"publish","type":"post","link":"http:\/\/ilan.tavsanli.bel.tr\/index.php\/2024\/07\/11\/6805\/","title":{"rendered":""},"content":{"rendered":"<p>R\u0131za Akkaya&#8217;n\u0131n e\u015fi, Galip ve Yasin Akkaya&#8217;n\u0131n anneleri, H\u00fcseyin ve merhum Tevfik \u00c7etinkaya&#8217;n\u0131n k\u0131z karde\u015fi, Ay\u015fe Ulu\u00e7ay ve Ahmet \u00c7etinkaya&#8217;n\u0131n ablas\u0131, SEV\u0130M AKKAYA vefat etmi\u015ftir. Cenezesi ulucamide k\u0131l\u0131nacak \u00f6\u011fle namaz\u0131n\u0131 m\u00fcteakip yeni yaylac\u0131k mezarl\u0131\u011f\u0131na defnedilecektir. Merhumeye Allah\u2019tan rahmet ailesine ve yak\u0131nlar\u0131na ba\u015fsa\u011fl\u0131\u011f\u0131 dileriz.<\/p>\n","protected":false},"excerpt":{"rendered":"<p>R\u0131za Akkaya&#8217;n\u0131n e\u015fi, Galip ve Yasin Akkaya&#8217;n\u0131n anneleri, H\u00fcseyin ve merhum Tevfik \u00c7etinkaya&#8217;n\u0131n k\u0131z karde\u015fi, Ay\u015fe Ulu\u00e7ay ve Ahmet \u00c7etinkaya&#8217;n\u0131n ablas\u0131, SEV\u0130M AKKAYA vefat etmi\u015ftir. Cenezesi ulucamide k\u0131l\u0131nacak \u00f6\u011fle namaz\u0131n\u0131 m\u00fcteakip yeni yaylac\u0131k mezarl\u0131\u011f\u0131na defnedilecektir. Merhumeye Allah\u2019tan rahmet ailesine ve yak\u0131nlar\u0131na ba\u015fsa\u011fl\u0131\u011f\u0131 dileriz.<\/p>\n","protected":false},"author":7,"featured_media":0,"comment_status":"closed","ping_status":"closed","sticky":false,"template":"","format":"standard","meta":[],"categories":[2],"tags":[],"_links":{"self":[{"href":"http:\/\/ilan.tavsanli.bel.tr\/index.php\/wp-json\/wp\/v2\/posts\/6805"}],"collection":[{"href":"http:\/\/ilan.tavsanli.bel.tr\/index.php\/wp-json\/wp\/v2\/posts"}],"about":[{"href":"http:\/\/ilan.tavsanli.bel.tr\/index.php\/wp-json\/wp\/v2\/types\/post"}],"author":[{"embeddable":true,"href":"http:\/\/ilan.tavsanli.bel.tr\/index.php\/wp-json\/wp\/v2\/users\/7"}],"replies":[{"embeddable":true,"href":"http:\/\/ilan.tavsanli.bel.tr\/index.php\/wp-json\/wp\/v2\/comments?post=6805"}],"version-history":[{"count":1,"href":"http:\/\/ilan.tavsanli.bel.tr\/index.php\/wp-json\/wp\/v2\/posts\/6805\/revisions"}],"predecessor-version":[{"id":6806,"href":"http:\/\/ilan.tavsanli.bel.tr\/index.php\/wp-json\/wp\/v2\/posts\/6805\/revisions\/6806"}],"wp:attachment":[{"href":"http:\/\/ilan.tavsanli.bel.tr\/index.php\/wp-json\/wp\/v2\/media?parent=6805"}],"wp:term":[{"taxonomy":"category","embeddable":true,"href":"http:\/\/ilan.tavsanli.bel.tr\/index.php\/wp-json\/wp\/v2\/categories?post=6805"},{"taxonomy":"post_tag","embeddable":true,"href":"http:\/\/ilan.tavsanli.bel.tr\/index.php\/wp-json\/wp\/v2\/tags?post=6805"}],"curies":[{"name":"wp","href":"https:\/\/api.w.org\/{rel}","templated":true}]}}