{"id":6793,"date":"2024-07-09T08:11:00","date_gmt":"2024-07-09T08:11:00","guid":{"rendered":"http:\/\/ilan.tavsanli.bel.tr\/?p=6793"},"modified":"2024-07-09T08:11:00","modified_gmt":"2024-07-09T08:11:00","slug":"6793","status":"publish","type":"post","link":"http:\/\/ilan.tavsanli.bel.tr\/index.php\/2024\/07\/09\/6793\/","title":{"rendered":""},"content":{"rendered":"<p>S\u00fclye k\u00f6y\u00fcnden merhum Hasan H\u00fcseyin Arl\u0131\u2019n\u0131n o\u011flu, Semiha Arl\u0131\u2019n\u0131n e\u015fi, \u00d6znur ve \u00d6zg\u00fcr Arl\u0131\u2019n\u0131n babalar\u0131, Co\u015fgun Pek\u015fen\u2019in kay\u0131npederi, G.L.\u0130 emekli i\u015f\u00e7ilerinden RAMAZAN ARLI vefat etmi\u015ftir. Cenazesi ye\u015fil camide k\u0131l\u0131nacak \u00f6\u011fle namaz\u0131n\u0131 m\u00fcteakip yeni yaylac\u0131k mezarl\u0131\u011f\u0131na defnedilecektir. Merhuma Allah&#8217;tan rahmet ailesine ve yak\u0131nlar\u0131na ba\u015fsa\u011fl\u0131\u011f\u0131 dileriz.<\/p>\n","protected":false},"excerpt":{"rendered":"<p>S\u00fclye k\u00f6y\u00fcnden merhum Hasan H\u00fcseyin Arl\u0131\u2019n\u0131n o\u011flu, Semiha Arl\u0131\u2019n\u0131n e\u015fi, \u00d6znur ve \u00d6zg\u00fcr Arl\u0131\u2019n\u0131n babalar\u0131, Co\u015fgun Pek\u015fen\u2019in kay\u0131npederi, G.L.\u0130 emekli i\u015f\u00e7ilerinden RAMAZAN ARLI vefat etmi\u015ftir. Cenazesi ye\u015fil camide k\u0131l\u0131nacak \u00f6\u011fle namaz\u0131n\u0131 m\u00fcteakip yeni yaylac\u0131k mezarl\u0131\u011f\u0131na defnedilecektir. Merhuma Allah&#8217;tan rahmet ailesine ve yak\u0131nlar\u0131na ba\u015fsa\u011fl\u0131\u011f\u0131 dileriz.<\/p>\n","protected":false},"author":7,"featured_media":0,"comment_status":"closed","ping_status":"closed","sticky":false,"template":"","format":"standard","meta":[],"categories":[2],"tags":[],"_links":{"self":[{"href":"http:\/\/ilan.tavsanli.bel.tr\/index.php\/wp-json\/wp\/v2\/posts\/6793"}],"collection":[{"href":"http:\/\/ilan.tavsanli.bel.tr\/index.php\/wp-json\/wp\/v2\/posts"}],"about":[{"href":"http:\/\/ilan.tavsanli.bel.tr\/index.php\/wp-json\/wp\/v2\/types\/post"}],"author":[{"embeddable":true,"href":"http:\/\/ilan.tavsanli.bel.tr\/index.php\/wp-json\/wp\/v2\/users\/7"}],"replies":[{"embeddable":true,"href":"http:\/\/ilan.tavsanli.bel.tr\/index.php\/wp-json\/wp\/v2\/comments?post=6793"}],"version-history":[{"count":1,"href":"http:\/\/ilan.tavsanli.bel.tr\/index.php\/wp-json\/wp\/v2\/posts\/6793\/revisions"}],"predecessor-version":[{"id":6794,"href":"http:\/\/ilan.tavsanli.bel.tr\/index.php\/wp-json\/wp\/v2\/posts\/6793\/revisions\/6794"}],"wp:attachment":[{"href":"http:\/\/ilan.tavsanli.bel.tr\/index.php\/wp-json\/wp\/v2\/media?parent=6793"}],"wp:term":[{"taxonomy":"category","embeddable":true,"href":"http:\/\/ilan.tavsanli.bel.tr\/index.php\/wp-json\/wp\/v2\/categories?post=6793"},{"taxonomy":"post_tag","embeddable":true,"href":"http:\/\/ilan.tavsanli.bel.tr\/index.php\/wp-json\/wp\/v2\/tags?post=6793"}],"curies":[{"name":"wp","href":"https:\/\/api.w.org\/{rel}","templated":true}]}}