{"id":6768,"date":"2024-07-03T10:21:13","date_gmt":"2024-07-03T10:21:13","guid":{"rendered":"http:\/\/ilan.tavsanli.bel.tr\/?p=6768"},"modified":"2024-07-03T10:21:13","modified_gmt":"2024-07-03T10:21:13","slug":"6768","status":"publish","type":"post","link":"http:\/\/ilan.tavsanli.bel.tr\/index.php\/2024\/07\/03\/6768\/","title":{"rendered":""},"content":{"rendered":"<p>\u00dcy\u00fccek k\u00f6y\u00fcnden merhum Hasan H\u00fcseyin \u00c7elik&#8217;in e\u015fi, Abdullah \u00c7elik&#8217;in annesi, \u0130brahim G\u00f6k\u00e7e&#8217;nin kay\u0131nvalidesi HAN\u0130FE \u00c7EL\u0130K vefat etmi\u015ftir. Cenazesi ulucamide k\u0131l\u0131nacak \u00f6\u011fle namaz\u0131n\u0131 m\u00fcteakip tav\u015fanl\u0131 mezarl\u0131\u011f\u0131na defnedilecektir. Merhumeye Allah&#8217;tan rahmet ailesine ve yak\u0131nlar\u0131na ba\u015fsa\u011fl\u0131\u011f\u0131 dileriz.<\/p>\n","protected":false},"excerpt":{"rendered":"<p>\u00dcy\u00fccek k\u00f6y\u00fcnden merhum Hasan H\u00fcseyin \u00c7elik&#8217;in e\u015fi, Abdullah \u00c7elik&#8217;in annesi, \u0130brahim G\u00f6k\u00e7e&#8217;nin kay\u0131nvalidesi HAN\u0130FE \u00c7EL\u0130K vefat etmi\u015ftir. Cenazesi ulucamide k\u0131l\u0131nacak \u00f6\u011fle namaz\u0131n\u0131 m\u00fcteakip tav\u015fanl\u0131 mezarl\u0131\u011f\u0131na defnedilecektir. Merhumeye Allah&#8217;tan rahmet ailesine ve yak\u0131nlar\u0131na ba\u015fsa\u011fl\u0131\u011f\u0131 dileriz.<\/p>\n","protected":false},"author":7,"featured_media":0,"comment_status":"closed","ping_status":"closed","sticky":false,"template":"","format":"standard","meta":[],"categories":[2],"tags":[],"_links":{"self":[{"href":"http:\/\/ilan.tavsanli.bel.tr\/index.php\/wp-json\/wp\/v2\/posts\/6768"}],"collection":[{"href":"http:\/\/ilan.tavsanli.bel.tr\/index.php\/wp-json\/wp\/v2\/posts"}],"about":[{"href":"http:\/\/ilan.tavsanli.bel.tr\/index.php\/wp-json\/wp\/v2\/types\/post"}],"author":[{"embeddable":true,"href":"http:\/\/ilan.tavsanli.bel.tr\/index.php\/wp-json\/wp\/v2\/users\/7"}],"replies":[{"embeddable":true,"href":"http:\/\/ilan.tavsanli.bel.tr\/index.php\/wp-json\/wp\/v2\/comments?post=6768"}],"version-history":[{"count":1,"href":"http:\/\/ilan.tavsanli.bel.tr\/index.php\/wp-json\/wp\/v2\/posts\/6768\/revisions"}],"predecessor-version":[{"id":6769,"href":"http:\/\/ilan.tavsanli.bel.tr\/index.php\/wp-json\/wp\/v2\/posts\/6768\/revisions\/6769"}],"wp:attachment":[{"href":"http:\/\/ilan.tavsanli.bel.tr\/index.php\/wp-json\/wp\/v2\/media?parent=6768"}],"wp:term":[{"taxonomy":"category","embeddable":true,"href":"http:\/\/ilan.tavsanli.bel.tr\/index.php\/wp-json\/wp\/v2\/categories?post=6768"},{"taxonomy":"post_tag","embeddable":true,"href":"http:\/\/ilan.tavsanli.bel.tr\/index.php\/wp-json\/wp\/v2\/tags?post=6768"}],"curies":[{"name":"wp","href":"https:\/\/api.w.org\/{rel}","templated":true}]}}