{"id":6760,"date":"2024-07-02T08:06:11","date_gmt":"2024-07-02T08:06:11","guid":{"rendered":"http:\/\/ilan.tavsanli.bel.tr\/?p=6760"},"modified":"2024-07-02T08:06:11","modified_gmt":"2024-07-02T08:06:11","slug":"6760","status":"publish","type":"post","link":"http:\/\/ilan.tavsanli.bel.tr\/index.php\/2024\/07\/02\/6760\/","title":{"rendered":""},"content":{"rendered":"<p><span data-offset-key=\"6qh3d-1-0\">Tun\u00e7bilek<\/span><span data-offset-key=\"6qh3d-2-0\"> beldesi g\u00fcra\u011fa\u00e7 mahallesinden merhum \u015e\u00fckr\u00fc Uygun\u2019un o\u011flu, \u015e\u00fckr\u00fc Uygun\u2019un abisi, Hamit Ta\u015f, Halil Karc\u0131, Sinan Kavas ve Nuri Karc\u0131\u2019n\u0131n kay\u0131npederi, AHMET UYGUN vefat etmi\u015ftir. Cenazesi \u00f6\u011fle namaz\u0131n\u0131 m\u00fcteakip g\u00fcra\u011fa\u00e7 \u00e7\u0131nar mezarl\u0131\u011f\u0131na defnedilecektir. Merhuma Allahtan rahmet ailesine ve yak\u0131nlar\u0131na ba\u015fsa\u011fl\u0131\u011f\u0131 dileriz.<\/span><\/p>\n","protected":false},"excerpt":{"rendered":"<p>Tun\u00e7bilek beldesi g\u00fcra\u011fa\u00e7 mahallesinden merhum \u015e\u00fckr\u00fc Uygun\u2019un o\u011flu, \u015e\u00fckr\u00fc Uygun\u2019un abisi, Hamit Ta\u015f, Halil Karc\u0131, Sinan Kavas ve Nuri Karc\u0131\u2019n\u0131n kay\u0131npederi, AHMET UYGUN vefat etmi\u015ftir. Cenazesi \u00f6\u011fle namaz\u0131n\u0131 m\u00fcteakip g\u00fcra\u011fa\u00e7 \u00e7\u0131nar mezarl\u0131\u011f\u0131na defnedilecektir. Merhuma Allahtan rahmet ailesine ve yak\u0131nlar\u0131na ba\u015fsa\u011fl\u0131\u011f\u0131 dileriz.<\/p>\n","protected":false},"author":7,"featured_media":0,"comment_status":"closed","ping_status":"closed","sticky":false,"template":"","format":"standard","meta":[],"categories":[2],"tags":[],"_links":{"self":[{"href":"http:\/\/ilan.tavsanli.bel.tr\/index.php\/wp-json\/wp\/v2\/posts\/6760"}],"collection":[{"href":"http:\/\/ilan.tavsanli.bel.tr\/index.php\/wp-json\/wp\/v2\/posts"}],"about":[{"href":"http:\/\/ilan.tavsanli.bel.tr\/index.php\/wp-json\/wp\/v2\/types\/post"}],"author":[{"embeddable":true,"href":"http:\/\/ilan.tavsanli.bel.tr\/index.php\/wp-json\/wp\/v2\/users\/7"}],"replies":[{"embeddable":true,"href":"http:\/\/ilan.tavsanli.bel.tr\/index.php\/wp-json\/wp\/v2\/comments?post=6760"}],"version-history":[{"count":1,"href":"http:\/\/ilan.tavsanli.bel.tr\/index.php\/wp-json\/wp\/v2\/posts\/6760\/revisions"}],"predecessor-version":[{"id":6761,"href":"http:\/\/ilan.tavsanli.bel.tr\/index.php\/wp-json\/wp\/v2\/posts\/6760\/revisions\/6761"}],"wp:attachment":[{"href":"http:\/\/ilan.tavsanli.bel.tr\/index.php\/wp-json\/wp\/v2\/media?parent=6760"}],"wp:term":[{"taxonomy":"category","embeddable":true,"href":"http:\/\/ilan.tavsanli.bel.tr\/index.php\/wp-json\/wp\/v2\/categories?post=6760"},{"taxonomy":"post_tag","embeddable":true,"href":"http:\/\/ilan.tavsanli.bel.tr\/index.php\/wp-json\/wp\/v2\/tags?post=6760"}],"curies":[{"name":"wp","href":"https:\/\/api.w.org\/{rel}","templated":true}]}}