{"id":6752,"date":"2024-06-28T08:36:10","date_gmt":"2024-06-28T08:36:10","guid":{"rendered":"http:\/\/ilan.tavsanli.bel.tr\/?p=6752"},"modified":"2024-06-28T08:36:10","modified_gmt":"2024-06-28T08:36:10","slug":"6752","status":"publish","type":"post","link":"http:\/\/ilan.tavsanli.bel.tr\/index.php\/2024\/06\/28\/6752\/","title":{"rendered":""},"content":{"rendered":"<p>\u015eapc\u0131 k\u00f6y\u00fcnden merhum \u0130dris Kader\u2019in o\u011flu, \u0130smail Kader\u2019in abisi, K\u0131ymet ve Ramazan Kader\u2019in babalar\u0131, \u0130smail \u00d6zt\u00fcrk\u2019\u00fcn kay\u0131npederi, \u0130BRAH\u0130M KADER vefat etmi\u015ftir. Cenazesi cuma namaz\u0131n\u0131 m\u00fcteakip \u015fapc\u0131 k\u00f6y\u00fc mezarl\u0131\u011f\u0131na defnedilecektir. Merhuma Allah&#8217;tan rahmet ailesine ve yak\u0131nlar\u0131na ba\u015fsa\u011fl\u0131\u011f\u0131 dileriz.<\/p>\n","protected":false},"excerpt":{"rendered":"<p>\u015eapc\u0131 k\u00f6y\u00fcnden merhum \u0130dris Kader\u2019in o\u011flu, \u0130smail Kader\u2019in abisi, K\u0131ymet ve Ramazan Kader\u2019in babalar\u0131, \u0130smail \u00d6zt\u00fcrk\u2019\u00fcn kay\u0131npederi, \u0130BRAH\u0130M KADER vefat etmi\u015ftir. Cenazesi cuma namaz\u0131n\u0131 m\u00fcteakip \u015fapc\u0131 k\u00f6y\u00fc mezarl\u0131\u011f\u0131na defnedilecektir. Merhuma Allah&#8217;tan rahmet ailesine ve yak\u0131nlar\u0131na ba\u015fsa\u011fl\u0131\u011f\u0131 dileriz.<\/p>\n","protected":false},"author":7,"featured_media":0,"comment_status":"closed","ping_status":"closed","sticky":false,"template":"","format":"standard","meta":[],"categories":[2],"tags":[],"_links":{"self":[{"href":"http:\/\/ilan.tavsanli.bel.tr\/index.php\/wp-json\/wp\/v2\/posts\/6752"}],"collection":[{"href":"http:\/\/ilan.tavsanli.bel.tr\/index.php\/wp-json\/wp\/v2\/posts"}],"about":[{"href":"http:\/\/ilan.tavsanli.bel.tr\/index.php\/wp-json\/wp\/v2\/types\/post"}],"author":[{"embeddable":true,"href":"http:\/\/ilan.tavsanli.bel.tr\/index.php\/wp-json\/wp\/v2\/users\/7"}],"replies":[{"embeddable":true,"href":"http:\/\/ilan.tavsanli.bel.tr\/index.php\/wp-json\/wp\/v2\/comments?post=6752"}],"version-history":[{"count":1,"href":"http:\/\/ilan.tavsanli.bel.tr\/index.php\/wp-json\/wp\/v2\/posts\/6752\/revisions"}],"predecessor-version":[{"id":6753,"href":"http:\/\/ilan.tavsanli.bel.tr\/index.php\/wp-json\/wp\/v2\/posts\/6752\/revisions\/6753"}],"wp:attachment":[{"href":"http:\/\/ilan.tavsanli.bel.tr\/index.php\/wp-json\/wp\/v2\/media?parent=6752"}],"wp:term":[{"taxonomy":"category","embeddable":true,"href":"http:\/\/ilan.tavsanli.bel.tr\/index.php\/wp-json\/wp\/v2\/categories?post=6752"},{"taxonomy":"post_tag","embeddable":true,"href":"http:\/\/ilan.tavsanli.bel.tr\/index.php\/wp-json\/wp\/v2\/tags?post=6752"}],"curies":[{"name":"wp","href":"https:\/\/api.w.org\/{rel}","templated":true}]}}