{"id":6723,"date":"2024-06-25T08:10:37","date_gmt":"2024-06-25T08:10:37","guid":{"rendered":"http:\/\/ilan.tavsanli.bel.tr\/?p=6723"},"modified":"2024-06-25T08:10:37","modified_gmt":"2024-06-25T08:10:37","slug":"6723","status":"publish","type":"post","link":"http:\/\/ilan.tavsanli.bel.tr\/index.php\/2024\/06\/25\/6723\/","title":{"rendered":""},"content":{"rendered":"<p><strong>I\u015f\u0131klar\u0131n merhum Hasan H\u00fcseyin Y\u0131lmazt\u00fcrk\u2019\u00fcn e\u015fi, b\u00fcfeci \u0131\u015f\u0131k \u0130brahim Y\u0131lmazt\u00fcrk\u2019\u00fcn annesi, Mehmet G\u00f6rg\u00fcl\u00fc\u2019n\u00fcn ablas\u0131, \u00a0g\u00fcvec\u00e7i \u0130smail Akay\u2019\u0131n kay\u0131nvalidesi, \u00a0vefat etmi\u015ftir. Cenazesi ulucamide k\u0131l\u0131nacak \u00f6\u011fle namaz\u0131n\u0131 m\u00fcteakip tav\u015fanl\u0131 mezarl\u0131\u011f\u0131na defnedilecektir. Merhumeye Allah&#8217;tan rahmet ailesine ve yak\u0131nlar\u0131na ba\u015fsa\u011fl\u0131\u011f\u0131 dileriz.<\/strong><\/p>\n","protected":false},"excerpt":{"rendered":"<p>I\u015f\u0131klar\u0131n merhum Hasan H\u00fcseyin Y\u0131lmazt\u00fcrk\u2019\u00fcn e\u015fi, b\u00fcfeci \u0131\u015f\u0131k \u0130brahim Y\u0131lmazt\u00fcrk\u2019\u00fcn annesi, Mehmet G\u00f6rg\u00fcl\u00fc\u2019n\u00fcn ablas\u0131, \u00a0g\u00fcvec\u00e7i \u0130smail Akay\u2019\u0131n kay\u0131nvalidesi, \u00a0vefat etmi\u015ftir. Cenazesi ulucamide k\u0131l\u0131nacak \u00f6\u011fle namaz\u0131n\u0131 m\u00fcteakip tav\u015fanl\u0131 mezarl\u0131\u011f\u0131na defnedilecektir. Merhumeye Allah&#8217;tan rahmet ailesine ve yak\u0131nlar\u0131na ba\u015fsa\u011fl\u0131\u011f\u0131 dileriz.<\/p>\n","protected":false},"author":7,"featured_media":0,"comment_status":"closed","ping_status":"closed","sticky":false,"template":"","format":"standard","meta":[],"categories":[2],"tags":[],"_links":{"self":[{"href":"http:\/\/ilan.tavsanli.bel.tr\/index.php\/wp-json\/wp\/v2\/posts\/6723"}],"collection":[{"href":"http:\/\/ilan.tavsanli.bel.tr\/index.php\/wp-json\/wp\/v2\/posts"}],"about":[{"href":"http:\/\/ilan.tavsanli.bel.tr\/index.php\/wp-json\/wp\/v2\/types\/post"}],"author":[{"embeddable":true,"href":"http:\/\/ilan.tavsanli.bel.tr\/index.php\/wp-json\/wp\/v2\/users\/7"}],"replies":[{"embeddable":true,"href":"http:\/\/ilan.tavsanli.bel.tr\/index.php\/wp-json\/wp\/v2\/comments?post=6723"}],"version-history":[{"count":1,"href":"http:\/\/ilan.tavsanli.bel.tr\/index.php\/wp-json\/wp\/v2\/posts\/6723\/revisions"}],"predecessor-version":[{"id":6724,"href":"http:\/\/ilan.tavsanli.bel.tr\/index.php\/wp-json\/wp\/v2\/posts\/6723\/revisions\/6724"}],"wp:attachment":[{"href":"http:\/\/ilan.tavsanli.bel.tr\/index.php\/wp-json\/wp\/v2\/media?parent=6723"}],"wp:term":[{"taxonomy":"category","embeddable":true,"href":"http:\/\/ilan.tavsanli.bel.tr\/index.php\/wp-json\/wp\/v2\/categories?post=6723"},{"taxonomy":"post_tag","embeddable":true,"href":"http:\/\/ilan.tavsanli.bel.tr\/index.php\/wp-json\/wp\/v2\/tags?post=6723"}],"curies":[{"name":"wp","href":"https:\/\/api.w.org\/{rel}","templated":true}]}}