{"id":6701,"date":"2024-06-23T11:30:16","date_gmt":"2024-06-23T11:30:16","guid":{"rendered":"http:\/\/ilan.tavsanli.bel.tr\/?p=6701"},"modified":"2024-06-23T11:30:16","modified_gmt":"2024-06-23T11:30:16","slug":"6701","status":"publish","type":"post","link":"http:\/\/ilan.tavsanli.bel.tr\/index.php\/2024\/06\/23\/6701\/","title":{"rendered":""},"content":{"rendered":"<p>Emet e\u011frig\u00f6z k\u00f6y\u00fcnden merhum Mehmet \u00d6zta\u015f&#8217;\u0131n e\u015fi, H\u00fcseyin ve merhum Hasan \u00d6zta\u015f&#8217;\u0131n anneleri, merhum Mustafa \u00c7elik&#8217;in kay\u0131nvalidesi, EM\u0130NE \u00d6ZTA\u015e vefat etmi\u015ftir. Cenazesi ikindi namaz\u0131n\u0131 m\u00fcteakip emet e\u011frig\u00f6z k\u00f6y\u00fc mezarl\u0131\u011f\u0131na defnedilecektir. Merhumeye Allah&#8217;tan rahmet ailesine ve yak\u0131nlar\u0131na ba\u015fsa\u011fl\u0131\u011f\u0131 dileriz.<\/p>\n","protected":false},"excerpt":{"rendered":"<p>Emet e\u011frig\u00f6z k\u00f6y\u00fcnden merhum Mehmet \u00d6zta\u015f&#8217;\u0131n e\u015fi, H\u00fcseyin ve merhum Hasan \u00d6zta\u015f&#8217;\u0131n anneleri, merhum Mustafa \u00c7elik&#8217;in kay\u0131nvalidesi, EM\u0130NE \u00d6ZTA\u015e vefat etmi\u015ftir. Cenazesi ikindi namaz\u0131n\u0131 m\u00fcteakip emet e\u011frig\u00f6z k\u00f6y\u00fc mezarl\u0131\u011f\u0131na defnedilecektir. Merhumeye Allah&#8217;tan rahmet ailesine ve yak\u0131nlar\u0131na ba\u015fsa\u011fl\u0131\u011f\u0131 dileriz.<\/p>\n","protected":false},"author":7,"featured_media":0,"comment_status":"closed","ping_status":"closed","sticky":false,"template":"","format":"standard","meta":[],"categories":[2],"tags":[],"_links":{"self":[{"href":"http:\/\/ilan.tavsanli.bel.tr\/index.php\/wp-json\/wp\/v2\/posts\/6701"}],"collection":[{"href":"http:\/\/ilan.tavsanli.bel.tr\/index.php\/wp-json\/wp\/v2\/posts"}],"about":[{"href":"http:\/\/ilan.tavsanli.bel.tr\/index.php\/wp-json\/wp\/v2\/types\/post"}],"author":[{"embeddable":true,"href":"http:\/\/ilan.tavsanli.bel.tr\/index.php\/wp-json\/wp\/v2\/users\/7"}],"replies":[{"embeddable":true,"href":"http:\/\/ilan.tavsanli.bel.tr\/index.php\/wp-json\/wp\/v2\/comments?post=6701"}],"version-history":[{"count":1,"href":"http:\/\/ilan.tavsanli.bel.tr\/index.php\/wp-json\/wp\/v2\/posts\/6701\/revisions"}],"predecessor-version":[{"id":6702,"href":"http:\/\/ilan.tavsanli.bel.tr\/index.php\/wp-json\/wp\/v2\/posts\/6701\/revisions\/6702"}],"wp:attachment":[{"href":"http:\/\/ilan.tavsanli.bel.tr\/index.php\/wp-json\/wp\/v2\/media?parent=6701"}],"wp:term":[{"taxonomy":"category","embeddable":true,"href":"http:\/\/ilan.tavsanli.bel.tr\/index.php\/wp-json\/wp\/v2\/categories?post=6701"},{"taxonomy":"post_tag","embeddable":true,"href":"http:\/\/ilan.tavsanli.bel.tr\/index.php\/wp-json\/wp\/v2\/tags?post=6701"}],"curies":[{"name":"wp","href":"https:\/\/api.w.org\/{rel}","templated":true}]}}