{"id":6697,"date":"2024-06-23T08:08:49","date_gmt":"2024-06-23T08:08:49","guid":{"rendered":"http:\/\/ilan.tavsanli.bel.tr\/?p=6697"},"modified":"2024-06-23T08:08:49","modified_gmt":"2024-06-23T08:08:49","slug":"6697","status":"publish","type":"post","link":"http:\/\/ilan.tavsanli.bel.tr\/index.php\/2024\/06\/23\/6697\/","title":{"rendered":""},"content":{"rendered":"<p>Tav\u015fanl\u0131 kocayeri k\u00f6y\u00fcnden merhum \u0130brahim G\u00fcltekin&#8217;in babas\u0131, Halil \u0130brahim De\u011fer ve merhum Ali R\u0131za Sar\u0131kaya&#8217;n\u0131n kay\u0131npederi, AL\u0130 G\u00dcLTEK\u0130N vefat etmi\u015ftir. Cenazesi \u00f6\u011fle namaz\u0131n\u0131 m\u00fcteakip kocayeri k\u00f6y\u00fc mezarl\u0131\u011f\u0131na defnedilecektir. Merhuma Allah&#8217;tan rahmet ailesine ve yak\u0131nlar\u0131na ba\u015fsa\u011fl\u0131\u011f\u0131 dileriz.<\/p>\n","protected":false},"excerpt":{"rendered":"<p>Tav\u015fanl\u0131 kocayeri k\u00f6y\u00fcnden merhum \u0130brahim G\u00fcltekin&#8217;in babas\u0131, Halil \u0130brahim De\u011fer ve merhum Ali R\u0131za Sar\u0131kaya&#8217;n\u0131n kay\u0131npederi, AL\u0130 G\u00dcLTEK\u0130N vefat etmi\u015ftir. Cenazesi \u00f6\u011fle namaz\u0131n\u0131 m\u00fcteakip kocayeri k\u00f6y\u00fc mezarl\u0131\u011f\u0131na defnedilecektir. Merhuma Allah&#8217;tan rahmet ailesine ve yak\u0131nlar\u0131na ba\u015fsa\u011fl\u0131\u011f\u0131 dileriz.<\/p>\n","protected":false},"author":7,"featured_media":0,"comment_status":"closed","ping_status":"closed","sticky":false,"template":"","format":"standard","meta":[],"categories":[2],"tags":[],"_links":{"self":[{"href":"http:\/\/ilan.tavsanli.bel.tr\/index.php\/wp-json\/wp\/v2\/posts\/6697"}],"collection":[{"href":"http:\/\/ilan.tavsanli.bel.tr\/index.php\/wp-json\/wp\/v2\/posts"}],"about":[{"href":"http:\/\/ilan.tavsanli.bel.tr\/index.php\/wp-json\/wp\/v2\/types\/post"}],"author":[{"embeddable":true,"href":"http:\/\/ilan.tavsanli.bel.tr\/index.php\/wp-json\/wp\/v2\/users\/7"}],"replies":[{"embeddable":true,"href":"http:\/\/ilan.tavsanli.bel.tr\/index.php\/wp-json\/wp\/v2\/comments?post=6697"}],"version-history":[{"count":1,"href":"http:\/\/ilan.tavsanli.bel.tr\/index.php\/wp-json\/wp\/v2\/posts\/6697\/revisions"}],"predecessor-version":[{"id":6698,"href":"http:\/\/ilan.tavsanli.bel.tr\/index.php\/wp-json\/wp\/v2\/posts\/6697\/revisions\/6698"}],"wp:attachment":[{"href":"http:\/\/ilan.tavsanli.bel.tr\/index.php\/wp-json\/wp\/v2\/media?parent=6697"}],"wp:term":[{"taxonomy":"category","embeddable":true,"href":"http:\/\/ilan.tavsanli.bel.tr\/index.php\/wp-json\/wp\/v2\/categories?post=6697"},{"taxonomy":"post_tag","embeddable":true,"href":"http:\/\/ilan.tavsanli.bel.tr\/index.php\/wp-json\/wp\/v2\/tags?post=6697"}],"curies":[{"name":"wp","href":"https:\/\/api.w.org\/{rel}","templated":true}]}}