{"id":6691,"date":"2024-06-20T10:58:30","date_gmt":"2024-06-20T10:58:30","guid":{"rendered":"http:\/\/ilan.tavsanli.bel.tr\/?p=6691"},"modified":"2024-06-20T10:58:30","modified_gmt":"2024-06-20T10:58:30","slug":"6691","status":"publish","type":"post","link":"http:\/\/ilan.tavsanli.bel.tr\/index.php\/2024\/06\/20\/6691\/","title":{"rendered":""},"content":{"rendered":"<p>G\u00fcnl\u00fcce S\u00fclye k\u00f6y\u00fcnden merhum Mehmet Ta\u015fdemir&#8217;in o\u011flu, Kadir Ta\u015fdemir&#8217;in karde\u015fi, Mehmet ve Yasin Ta\u015fdemir&#8217;in babalar\u0131, Orhan Korkut&#8217;un kay\u0131npederi, G.L.\u0130 emekli i\u015f\u00e7ilerinden KAM\u0130L TA\u015eDEM\u0130R vefat etmi\u015ftir. Cenazesi ikindi namaz\u0131n\u0131 m\u00fcteakip s\u00fclye k\u00f6y\u00fc mezarl\u0131\u011f\u0131na defnedilecektir. Merhuma Allah&#8217;tan rahmet ailesine ve yak\u0131nlar\u0131na ba\u015fsa\u011fl\u0131\u011f\u0131 dileriz.<\/p>\n","protected":false},"excerpt":{"rendered":"<p>G\u00fcnl\u00fcce S\u00fclye k\u00f6y\u00fcnden merhum Mehmet Ta\u015fdemir&#8217;in o\u011flu, Kadir Ta\u015fdemir&#8217;in karde\u015fi, Mehmet ve Yasin Ta\u015fdemir&#8217;in babalar\u0131, Orhan Korkut&#8217;un kay\u0131npederi, G.L.\u0130 emekli i\u015f\u00e7ilerinden KAM\u0130L TA\u015eDEM\u0130R vefat etmi\u015ftir. Cenazesi ikindi namaz\u0131n\u0131 m\u00fcteakip s\u00fclye k\u00f6y\u00fc mezarl\u0131\u011f\u0131na defnedilecektir. Merhuma Allah&#8217;tan rahmet ailesine ve yak\u0131nlar\u0131na ba\u015fsa\u011fl\u0131\u011f\u0131 dileriz.<\/p>\n","protected":false},"author":7,"featured_media":0,"comment_status":"closed","ping_status":"closed","sticky":false,"template":"","format":"standard","meta":[],"categories":[2],"tags":[],"_links":{"self":[{"href":"http:\/\/ilan.tavsanli.bel.tr\/index.php\/wp-json\/wp\/v2\/posts\/6691"}],"collection":[{"href":"http:\/\/ilan.tavsanli.bel.tr\/index.php\/wp-json\/wp\/v2\/posts"}],"about":[{"href":"http:\/\/ilan.tavsanli.bel.tr\/index.php\/wp-json\/wp\/v2\/types\/post"}],"author":[{"embeddable":true,"href":"http:\/\/ilan.tavsanli.bel.tr\/index.php\/wp-json\/wp\/v2\/users\/7"}],"replies":[{"embeddable":true,"href":"http:\/\/ilan.tavsanli.bel.tr\/index.php\/wp-json\/wp\/v2\/comments?post=6691"}],"version-history":[{"count":1,"href":"http:\/\/ilan.tavsanli.bel.tr\/index.php\/wp-json\/wp\/v2\/posts\/6691\/revisions"}],"predecessor-version":[{"id":6692,"href":"http:\/\/ilan.tavsanli.bel.tr\/index.php\/wp-json\/wp\/v2\/posts\/6691\/revisions\/6692"}],"wp:attachment":[{"href":"http:\/\/ilan.tavsanli.bel.tr\/index.php\/wp-json\/wp\/v2\/media?parent=6691"}],"wp:term":[{"taxonomy":"category","embeddable":true,"href":"http:\/\/ilan.tavsanli.bel.tr\/index.php\/wp-json\/wp\/v2\/categories?post=6691"},{"taxonomy":"post_tag","embeddable":true,"href":"http:\/\/ilan.tavsanli.bel.tr\/index.php\/wp-json\/wp\/v2\/tags?post=6691"}],"curies":[{"name":"wp","href":"https:\/\/api.w.org\/{rel}","templated":true}]}}