{"id":6685,"date":"2024-06-20T08:12:33","date_gmt":"2024-06-20T08:12:33","guid":{"rendered":"http:\/\/ilan.tavsanli.bel.tr\/?p=6685"},"modified":"2024-06-20T08:12:33","modified_gmt":"2024-06-20T08:12:33","slug":"6685","status":"publish","type":"post","link":"http:\/\/ilan.tavsanli.bel.tr\/index.php\/2024\/06\/20\/6685\/","title":{"rendered":""},"content":{"rendered":"<p>So\u011fucak k\u00f6y\u00fcnden merhum Ahmet Bayar&#8217;\u0131n e\u015fi, Mustafa ve Mehmet Ali Bayar&#8217;\u0131n anneleri, Sami Y\u0131lmaz, \u0130smail Bayar ve \u00d6zg\u00fcr Hate\u015f&#8217;in kay\u0131nvalidesi, FATMA BAYAR vefat etmi\u015ftir. Cenazesi da\u011f\u00e7e\u015fme camisinde k\u0131l\u0131nacak \u00f6\u011fle namaz\u0131n\u0131 m\u00fcteakip da\u011f\u00e7e\u015fme mahallesi mezarl\u0131\u011f\u0131na defnedilecektir. Merhumeye allah&#8217;tan rahmet ailesine ve yak\u0131nlar\u0131na ba\u015fsa\u011fl\u0131\u011f\u0131 dileriz.<\/p>\n","protected":false},"excerpt":{"rendered":"<p>So\u011fucak k\u00f6y\u00fcnden merhum Ahmet Bayar&#8217;\u0131n e\u015fi, Mustafa ve Mehmet Ali Bayar&#8217;\u0131n anneleri, Sami Y\u0131lmaz, \u0130smail Bayar ve \u00d6zg\u00fcr Hate\u015f&#8217;in kay\u0131nvalidesi, FATMA BAYAR vefat etmi\u015ftir. Cenazesi da\u011f\u00e7e\u015fme camisinde k\u0131l\u0131nacak \u00f6\u011fle namaz\u0131n\u0131 m\u00fcteakip da\u011f\u00e7e\u015fme mahallesi mezarl\u0131\u011f\u0131na defnedilecektir. Merhumeye allah&#8217;tan rahmet ailesine ve yak\u0131nlar\u0131na ba\u015fsa\u011fl\u0131\u011f\u0131 dileriz.<\/p>\n","protected":false},"author":7,"featured_media":0,"comment_status":"closed","ping_status":"closed","sticky":false,"template":"","format":"standard","meta":[],"categories":[2],"tags":[],"_links":{"self":[{"href":"http:\/\/ilan.tavsanli.bel.tr\/index.php\/wp-json\/wp\/v2\/posts\/6685"}],"collection":[{"href":"http:\/\/ilan.tavsanli.bel.tr\/index.php\/wp-json\/wp\/v2\/posts"}],"about":[{"href":"http:\/\/ilan.tavsanli.bel.tr\/index.php\/wp-json\/wp\/v2\/types\/post"}],"author":[{"embeddable":true,"href":"http:\/\/ilan.tavsanli.bel.tr\/index.php\/wp-json\/wp\/v2\/users\/7"}],"replies":[{"embeddable":true,"href":"http:\/\/ilan.tavsanli.bel.tr\/index.php\/wp-json\/wp\/v2\/comments?post=6685"}],"version-history":[{"count":1,"href":"http:\/\/ilan.tavsanli.bel.tr\/index.php\/wp-json\/wp\/v2\/posts\/6685\/revisions"}],"predecessor-version":[{"id":6686,"href":"http:\/\/ilan.tavsanli.bel.tr\/index.php\/wp-json\/wp\/v2\/posts\/6685\/revisions\/6686"}],"wp:attachment":[{"href":"http:\/\/ilan.tavsanli.bel.tr\/index.php\/wp-json\/wp\/v2\/media?parent=6685"}],"wp:term":[{"taxonomy":"category","embeddable":true,"href":"http:\/\/ilan.tavsanli.bel.tr\/index.php\/wp-json\/wp\/v2\/categories?post=6685"},{"taxonomy":"post_tag","embeddable":true,"href":"http:\/\/ilan.tavsanli.bel.tr\/index.php\/wp-json\/wp\/v2\/tags?post=6685"}],"curies":[{"name":"wp","href":"https:\/\/api.w.org\/{rel}","templated":true}]}}