{"id":6675,"date":"2024-06-18T08:13:52","date_gmt":"2024-06-18T08:13:52","guid":{"rendered":"http:\/\/ilan.tavsanli.bel.tr\/?p=6675"},"modified":"2024-06-18T08:13:52","modified_gmt":"2024-06-18T08:13:52","slug":"6675","status":"publish","type":"post","link":"http:\/\/ilan.tavsanli.bel.tr\/index.php\/2024\/06\/18\/6675\/","title":{"rendered":""},"content":{"rendered":"<p>S\u00fclye \u0131\u015f\u0131kl\u0131 k\u00f6y\u00fcnden H\u00fcseyin Alt\u0131nkaya&#8217;n\u0131n babas\u0131, Mehmet Demir, Ramazan Dall\u0131, Ali G\u00fcler ve Mustafa G\u00fcnd\u00fcz&#8217;\u00fcn kay\u0131npederi, MEHMET ALTINKAYA vefat etmi\u015ftir. Cenazesi \u00f6\u011fle namaz\u0131n\u0131 m\u00fcteakip s\u00fclye \u0131\u015f\u0131kl\u0131 k\u00f6y\u00fc mezarl\u0131\u011f\u0131na defnedilecektir. Merhuma Allah&#8217;tan rahmet ailesine ve yak\u0131nlar\u0131na ba\u015fsa\u011fl\u0131\u011f\u0131 dileriz.<\/p>\n","protected":false},"excerpt":{"rendered":"<p>S\u00fclye \u0131\u015f\u0131kl\u0131 k\u00f6y\u00fcnden H\u00fcseyin Alt\u0131nkaya&#8217;n\u0131n babas\u0131, Mehmet Demir, Ramazan Dall\u0131, Ali G\u00fcler ve Mustafa G\u00fcnd\u00fcz&#8217;\u00fcn kay\u0131npederi, MEHMET ALTINKAYA vefat etmi\u015ftir. Cenazesi \u00f6\u011fle namaz\u0131n\u0131 m\u00fcteakip s\u00fclye \u0131\u015f\u0131kl\u0131 k\u00f6y\u00fc mezarl\u0131\u011f\u0131na defnedilecektir. Merhuma Allah&#8217;tan rahmet ailesine ve yak\u0131nlar\u0131na ba\u015fsa\u011fl\u0131\u011f\u0131 dileriz.<\/p>\n","protected":false},"author":7,"featured_media":0,"comment_status":"closed","ping_status":"closed","sticky":false,"template":"","format":"standard","meta":[],"categories":[2],"tags":[],"_links":{"self":[{"href":"http:\/\/ilan.tavsanli.bel.tr\/index.php\/wp-json\/wp\/v2\/posts\/6675"}],"collection":[{"href":"http:\/\/ilan.tavsanli.bel.tr\/index.php\/wp-json\/wp\/v2\/posts"}],"about":[{"href":"http:\/\/ilan.tavsanli.bel.tr\/index.php\/wp-json\/wp\/v2\/types\/post"}],"author":[{"embeddable":true,"href":"http:\/\/ilan.tavsanli.bel.tr\/index.php\/wp-json\/wp\/v2\/users\/7"}],"replies":[{"embeddable":true,"href":"http:\/\/ilan.tavsanli.bel.tr\/index.php\/wp-json\/wp\/v2\/comments?post=6675"}],"version-history":[{"count":1,"href":"http:\/\/ilan.tavsanli.bel.tr\/index.php\/wp-json\/wp\/v2\/posts\/6675\/revisions"}],"predecessor-version":[{"id":6676,"href":"http:\/\/ilan.tavsanli.bel.tr\/index.php\/wp-json\/wp\/v2\/posts\/6675\/revisions\/6676"}],"wp:attachment":[{"href":"http:\/\/ilan.tavsanli.bel.tr\/index.php\/wp-json\/wp\/v2\/media?parent=6675"}],"wp:term":[{"taxonomy":"category","embeddable":true,"href":"http:\/\/ilan.tavsanli.bel.tr\/index.php\/wp-json\/wp\/v2\/categories?post=6675"},{"taxonomy":"post_tag","embeddable":true,"href":"http:\/\/ilan.tavsanli.bel.tr\/index.php\/wp-json\/wp\/v2\/tags?post=6675"}],"curies":[{"name":"wp","href":"https:\/\/api.w.org\/{rel}","templated":true}]}}