{"id":6670,"date":"2024-06-17T08:07:25","date_gmt":"2024-06-17T08:07:25","guid":{"rendered":"http:\/\/ilan.tavsanli.bel.tr\/?p=6670"},"modified":"2024-06-17T08:07:25","modified_gmt":"2024-06-17T08:07:25","slug":"6670","status":"publish","type":"post","link":"http:\/\/ilan.tavsanli.bel.tr\/index.php\/2024\/06\/17\/6670\/","title":{"rendered":""},"content":{"rendered":"<p>Tepecik beldesinden Mehmet Ali, Ceylan ve Bilal Tekin&#8217;in babalar\u0131, tav\u015fanl\u0131 ta\u015f\u0131y\u0131c\u0131lar kooperatifi ve do\u011fru yol partisi eski ba\u015fkanlar\u0131ndan H\u00dcSEY\u0130N TEK\u0130N vefat etmi\u015ftir. Cenazesi Tepecik orta camisinde k\u0131l\u0131nacak \u00f6\u011fle namaz\u0131n\u0131 m\u00fcteakip tepecik belde mezarl\u0131\u011f\u0131na defnedilecektir. Merhuma Allah&#8217;tan rahmet ailesine ve yak\u0131nlar\u0131na ba\u015fsa\u011fl\u0131\u011f\u0131 dileriz.<\/p>\n","protected":false},"excerpt":{"rendered":"<p>Tepecik beldesinden Mehmet Ali, Ceylan ve Bilal Tekin&#8217;in babalar\u0131, tav\u015fanl\u0131 ta\u015f\u0131y\u0131c\u0131lar kooperatifi ve do\u011fru yol partisi eski ba\u015fkanlar\u0131ndan H\u00dcSEY\u0130N TEK\u0130N vefat etmi\u015ftir. Cenazesi Tepecik orta camisinde k\u0131l\u0131nacak \u00f6\u011fle namaz\u0131n\u0131 m\u00fcteakip tepecik belde mezarl\u0131\u011f\u0131na defnedilecektir. Merhuma Allah&#8217;tan rahmet ailesine ve yak\u0131nlar\u0131na ba\u015fsa\u011fl\u0131\u011f\u0131 dileriz.<\/p>\n","protected":false},"author":7,"featured_media":0,"comment_status":"closed","ping_status":"closed","sticky":false,"template":"","format":"standard","meta":[],"categories":[2],"tags":[],"_links":{"self":[{"href":"http:\/\/ilan.tavsanli.bel.tr\/index.php\/wp-json\/wp\/v2\/posts\/6670"}],"collection":[{"href":"http:\/\/ilan.tavsanli.bel.tr\/index.php\/wp-json\/wp\/v2\/posts"}],"about":[{"href":"http:\/\/ilan.tavsanli.bel.tr\/index.php\/wp-json\/wp\/v2\/types\/post"}],"author":[{"embeddable":true,"href":"http:\/\/ilan.tavsanli.bel.tr\/index.php\/wp-json\/wp\/v2\/users\/7"}],"replies":[{"embeddable":true,"href":"http:\/\/ilan.tavsanli.bel.tr\/index.php\/wp-json\/wp\/v2\/comments?post=6670"}],"version-history":[{"count":1,"href":"http:\/\/ilan.tavsanli.bel.tr\/index.php\/wp-json\/wp\/v2\/posts\/6670\/revisions"}],"predecessor-version":[{"id":6671,"href":"http:\/\/ilan.tavsanli.bel.tr\/index.php\/wp-json\/wp\/v2\/posts\/6670\/revisions\/6671"}],"wp:attachment":[{"href":"http:\/\/ilan.tavsanli.bel.tr\/index.php\/wp-json\/wp\/v2\/media?parent=6670"}],"wp:term":[{"taxonomy":"category","embeddable":true,"href":"http:\/\/ilan.tavsanli.bel.tr\/index.php\/wp-json\/wp\/v2\/categories?post=6670"},{"taxonomy":"post_tag","embeddable":true,"href":"http:\/\/ilan.tavsanli.bel.tr\/index.php\/wp-json\/wp\/v2\/tags?post=6670"}],"curies":[{"name":"wp","href":"https:\/\/api.w.org\/{rel}","templated":true}]}}