{"id":6666,"date":"2024-06-16T11:06:32","date_gmt":"2024-06-16T11:06:32","guid":{"rendered":"http:\/\/ilan.tavsanli.bel.tr\/?p=6666"},"modified":"2024-06-16T11:06:32","modified_gmt":"2024-06-16T11:06:32","slug":"6666","status":"publish","type":"post","link":"http:\/\/ilan.tavsanli.bel.tr\/index.php\/2024\/06\/16\/6666\/","title":{"rendered":""},"content":{"rendered":"<p>Alt\u0131nova k\u00f6y\u00fcnden merhum Mustafa \u00d6zdemir&#8217;in o\u011flu, \u015e\u00fckriye \u00d6zdemir&#8217;in e\u015fi, Elveda, Nuran, Fatma ve \u015e\u00fckr\u00fc \u00d6zdemir&#8217;in babalar\u0131, AL\u0130 RIZA \u00d6ZDEM\u0130R vefat etmi\u015ftir. Cenazesi ikindi namaz\u0131n\u0131 m\u00fcteakip alt\u0131nova k\u00f6y\u00fc mezarl\u0131\u011f\u0131na defnedilecektir. Merhuma Allah&#8217;tan rahmet ailesine ve yak\u0131nlar\u0131na ba\u015fsa\u011fl\u0131\u011f\u0131 dileriz.<\/p>\n","protected":false},"excerpt":{"rendered":"<p>Alt\u0131nova k\u00f6y\u00fcnden merhum Mustafa \u00d6zdemir&#8217;in o\u011flu, \u015e\u00fckriye \u00d6zdemir&#8217;in e\u015fi, Elveda, Nuran, Fatma ve \u015e\u00fckr\u00fc \u00d6zdemir&#8217;in babalar\u0131, AL\u0130 RIZA \u00d6ZDEM\u0130R vefat etmi\u015ftir. Cenazesi ikindi namaz\u0131n\u0131 m\u00fcteakip alt\u0131nova k\u00f6y\u00fc mezarl\u0131\u011f\u0131na defnedilecektir. Merhuma Allah&#8217;tan rahmet ailesine ve yak\u0131nlar\u0131na ba\u015fsa\u011fl\u0131\u011f\u0131 dileriz.<\/p>\n","protected":false},"author":7,"featured_media":0,"comment_status":"closed","ping_status":"closed","sticky":false,"template":"","format":"standard","meta":[],"categories":[2],"tags":[],"_links":{"self":[{"href":"http:\/\/ilan.tavsanli.bel.tr\/index.php\/wp-json\/wp\/v2\/posts\/6666"}],"collection":[{"href":"http:\/\/ilan.tavsanli.bel.tr\/index.php\/wp-json\/wp\/v2\/posts"}],"about":[{"href":"http:\/\/ilan.tavsanli.bel.tr\/index.php\/wp-json\/wp\/v2\/types\/post"}],"author":[{"embeddable":true,"href":"http:\/\/ilan.tavsanli.bel.tr\/index.php\/wp-json\/wp\/v2\/users\/7"}],"replies":[{"embeddable":true,"href":"http:\/\/ilan.tavsanli.bel.tr\/index.php\/wp-json\/wp\/v2\/comments?post=6666"}],"version-history":[{"count":1,"href":"http:\/\/ilan.tavsanli.bel.tr\/index.php\/wp-json\/wp\/v2\/posts\/6666\/revisions"}],"predecessor-version":[{"id":6667,"href":"http:\/\/ilan.tavsanli.bel.tr\/index.php\/wp-json\/wp\/v2\/posts\/6666\/revisions\/6667"}],"wp:attachment":[{"href":"http:\/\/ilan.tavsanli.bel.tr\/index.php\/wp-json\/wp\/v2\/media?parent=6666"}],"wp:term":[{"taxonomy":"category","embeddable":true,"href":"http:\/\/ilan.tavsanli.bel.tr\/index.php\/wp-json\/wp\/v2\/categories?post=6666"},{"taxonomy":"post_tag","embeddable":true,"href":"http:\/\/ilan.tavsanli.bel.tr\/index.php\/wp-json\/wp\/v2\/tags?post=6666"}],"curies":[{"name":"wp","href":"https:\/\/api.w.org\/{rel}","templated":true}]}}