{"id":6659,"date":"2024-06-15T08:30:42","date_gmt":"2024-06-15T08:30:42","guid":{"rendered":"http:\/\/ilan.tavsanli.bel.tr\/?p=6659"},"modified":"2024-06-15T08:30:42","modified_gmt":"2024-06-15T08:30:42","slug":"6659","status":"publish","type":"post","link":"http:\/\/ilan.tavsanli.bel.tr\/index.php\/2024\/06\/15\/6659\/","title":{"rendered":""},"content":{"rendered":"<p>Y\u00f6rg\u00fc\u00e7 k\u00f6y\u00fcnden merhum \u0130brahim Can&#8217;\u0131n o\u011flu, Recep Can&#8217;\u0131n babas\u0131, Dursun Can&#8217;\u0131n abisi, Ramazan \u015eenol, Necip Y\u0131lmaz, Mustafa Durak, Muzaffer Kat\u0131 ve Y\u00fcksel Koyun&#8217;un kay\u0131npederi, AK\u0130F CAN vefat etmi\u015ftir. Cenazesi \u00f6\u011fle namaz\u0131n\u0131 m\u00fcteakip y\u00f6rg\u00fc\u00e7 k\u00f6y\u00fc mezarl\u0131\u011f\u0131na defnedilecektir. Merhuma Allah&#8217;tan rahmet ailesine ve yak\u0131nlar\u0131na ba\u015fsa\u011fl\u0131\u011f\u0131 dileriz.<\/p>\n","protected":false},"excerpt":{"rendered":"<p>Y\u00f6rg\u00fc\u00e7 k\u00f6y\u00fcnden merhum \u0130brahim Can&#8217;\u0131n o\u011flu, Recep Can&#8217;\u0131n babas\u0131, Dursun Can&#8217;\u0131n abisi, Ramazan \u015eenol, Necip Y\u0131lmaz, Mustafa Durak, Muzaffer Kat\u0131 ve Y\u00fcksel Koyun&#8217;un kay\u0131npederi, AK\u0130F CAN vefat etmi\u015ftir. Cenazesi \u00f6\u011fle namaz\u0131n\u0131 m\u00fcteakip y\u00f6rg\u00fc\u00e7 k\u00f6y\u00fc mezarl\u0131\u011f\u0131na defnedilecektir. Merhuma Allah&#8217;tan rahmet ailesine ve yak\u0131nlar\u0131na ba\u015fsa\u011fl\u0131\u011f\u0131 dileriz.<\/p>\n","protected":false},"author":7,"featured_media":0,"comment_status":"closed","ping_status":"closed","sticky":false,"template":"","format":"standard","meta":[],"categories":[2],"tags":[],"_links":{"self":[{"href":"http:\/\/ilan.tavsanli.bel.tr\/index.php\/wp-json\/wp\/v2\/posts\/6659"}],"collection":[{"href":"http:\/\/ilan.tavsanli.bel.tr\/index.php\/wp-json\/wp\/v2\/posts"}],"about":[{"href":"http:\/\/ilan.tavsanli.bel.tr\/index.php\/wp-json\/wp\/v2\/types\/post"}],"author":[{"embeddable":true,"href":"http:\/\/ilan.tavsanli.bel.tr\/index.php\/wp-json\/wp\/v2\/users\/7"}],"replies":[{"embeddable":true,"href":"http:\/\/ilan.tavsanli.bel.tr\/index.php\/wp-json\/wp\/v2\/comments?post=6659"}],"version-history":[{"count":1,"href":"http:\/\/ilan.tavsanli.bel.tr\/index.php\/wp-json\/wp\/v2\/posts\/6659\/revisions"}],"predecessor-version":[{"id":6660,"href":"http:\/\/ilan.tavsanli.bel.tr\/index.php\/wp-json\/wp\/v2\/posts\/6659\/revisions\/6660"}],"wp:attachment":[{"href":"http:\/\/ilan.tavsanli.bel.tr\/index.php\/wp-json\/wp\/v2\/media?parent=6659"}],"wp:term":[{"taxonomy":"category","embeddable":true,"href":"http:\/\/ilan.tavsanli.bel.tr\/index.php\/wp-json\/wp\/v2\/categories?post=6659"},{"taxonomy":"post_tag","embeddable":true,"href":"http:\/\/ilan.tavsanli.bel.tr\/index.php\/wp-json\/wp\/v2\/tags?post=6659"}],"curies":[{"name":"wp","href":"https:\/\/api.w.org\/{rel}","templated":true}]}}