{"id":6655,"date":"2024-06-13T11:26:47","date_gmt":"2024-06-13T11:26:47","guid":{"rendered":"http:\/\/ilan.tavsanli.bel.tr\/?p=6655"},"modified":"2024-06-13T11:26:47","modified_gmt":"2024-06-13T11:26:47","slug":"6655","status":"publish","type":"post","link":"http:\/\/ilan.tavsanli.bel.tr\/index.php\/2024\/06\/13\/6655\/","title":{"rendered":""},"content":{"rendered":"<p><span data-offset-key=\"ari30-1-0\">Moymul<\/span><span data-offset-key=\"ari30-2-0\"> mahallesinden Malih Bab\u00fcr\u2019\u00fcn babas\u0131, Kerem Y\u0131lmaz ve \u0130brahim \u00d6rtmen\u2019in kay\u0131npederi, tav\u015fanl\u0131 emniyetinden emekli polis memuru FARUK BAB\u00dcR vefat etmi\u015ftir. Cenazesi moymul yukar\u0131 camisinde k\u0131l\u0131nacak ikindi namaz\u0131n\u0131 m\u00fcteakip moymul mahallesi mezarl\u0131\u011f\u0131na defnedilecektir. Merhuma Allah\u2019tan rahmet ailesine ve yak\u0131nlar\u0131na ba\u015fsa\u011fl\u0131\u011f\u0131 dileriz.<\/span><\/p>\n","protected":false},"excerpt":{"rendered":"<p>Moymul mahallesinden Malih Bab\u00fcr\u2019\u00fcn babas\u0131, Kerem Y\u0131lmaz ve \u0130brahim \u00d6rtmen\u2019in kay\u0131npederi, tav\u015fanl\u0131 emniyetinden emekli polis memuru FARUK BAB\u00dcR vefat etmi\u015ftir. Cenazesi moymul yukar\u0131 camisinde k\u0131l\u0131nacak ikindi namaz\u0131n\u0131 m\u00fcteakip moymul mahallesi mezarl\u0131\u011f\u0131na defnedilecektir. Merhuma Allah\u2019tan rahmet ailesine ve yak\u0131nlar\u0131na ba\u015fsa\u011fl\u0131\u011f\u0131 dileriz.<\/p>\n","protected":false},"author":7,"featured_media":0,"comment_status":"closed","ping_status":"closed","sticky":false,"template":"","format":"standard","meta":[],"categories":[2],"tags":[],"_links":{"self":[{"href":"http:\/\/ilan.tavsanli.bel.tr\/index.php\/wp-json\/wp\/v2\/posts\/6655"}],"collection":[{"href":"http:\/\/ilan.tavsanli.bel.tr\/index.php\/wp-json\/wp\/v2\/posts"}],"about":[{"href":"http:\/\/ilan.tavsanli.bel.tr\/index.php\/wp-json\/wp\/v2\/types\/post"}],"author":[{"embeddable":true,"href":"http:\/\/ilan.tavsanli.bel.tr\/index.php\/wp-json\/wp\/v2\/users\/7"}],"replies":[{"embeddable":true,"href":"http:\/\/ilan.tavsanli.bel.tr\/index.php\/wp-json\/wp\/v2\/comments?post=6655"}],"version-history":[{"count":1,"href":"http:\/\/ilan.tavsanli.bel.tr\/index.php\/wp-json\/wp\/v2\/posts\/6655\/revisions"}],"predecessor-version":[{"id":6656,"href":"http:\/\/ilan.tavsanli.bel.tr\/index.php\/wp-json\/wp\/v2\/posts\/6655\/revisions\/6656"}],"wp:attachment":[{"href":"http:\/\/ilan.tavsanli.bel.tr\/index.php\/wp-json\/wp\/v2\/media?parent=6655"}],"wp:term":[{"taxonomy":"category","embeddable":true,"href":"http:\/\/ilan.tavsanli.bel.tr\/index.php\/wp-json\/wp\/v2\/categories?post=6655"},{"taxonomy":"post_tag","embeddable":true,"href":"http:\/\/ilan.tavsanli.bel.tr\/index.php\/wp-json\/wp\/v2\/tags?post=6655"}],"curies":[{"name":"wp","href":"https:\/\/api.w.org\/{rel}","templated":true}]}}