{"id":6653,"date":"2024-06-13T11:26:23","date_gmt":"2024-06-13T11:26:23","guid":{"rendered":"http:\/\/ilan.tavsanli.bel.tr\/?p=6653"},"modified":"2024-06-13T11:26:23","modified_gmt":"2024-06-13T11:26:23","slug":"6653","status":"publish","type":"post","link":"http:\/\/ilan.tavsanli.bel.tr\/index.php\/2024\/06\/13\/6653\/","title":{"rendered":""},"content":{"rendered":"<p>Ovac\u0131k k\u00f6y\u00fcnden merhum Himet Dirgin\u2019in o\u011flu, Yusuf Dirgin\u2019in abisi, Himmet Dirgin\u2019in babas\u0131, Ali \u015eanl\u0131er ve Mesut \u00c7akar\u2019\u0131n kay\u0131npederi, HASAN H\u00dcSEY\u0130N D\u0130RG\u0130N vefat etmi\u015ftir. Cenazesi ikindi namaz\u0131n\u0131 m\u00fcteakip ovac\u0131k k\u00f6y\u00fc mezarl\u0131\u011f\u0131na defnedilecektir. Merhuma Allah\u2019tan rahmet ailesine ve yak\u0131nlar\u0131na ba\u015fsa\u011fl\u0131\u011f\u0131 dileriz.<\/p>\n","protected":false},"excerpt":{"rendered":"<p>Ovac\u0131k k\u00f6y\u00fcnden merhum Himet Dirgin\u2019in o\u011flu, Yusuf Dirgin\u2019in abisi, Himmet Dirgin\u2019in babas\u0131, Ali \u015eanl\u0131er ve Mesut \u00c7akar\u2019\u0131n kay\u0131npederi, HASAN H\u00dcSEY\u0130N D\u0130RG\u0130N vefat etmi\u015ftir. Cenazesi ikindi namaz\u0131n\u0131 m\u00fcteakip ovac\u0131k k\u00f6y\u00fc mezarl\u0131\u011f\u0131na defnedilecektir. Merhuma Allah\u2019tan rahmet ailesine ve yak\u0131nlar\u0131na ba\u015fsa\u011fl\u0131\u011f\u0131 dileriz.<\/p>\n","protected":false},"author":7,"featured_media":0,"comment_status":"closed","ping_status":"closed","sticky":false,"template":"","format":"standard","meta":[],"categories":[2],"tags":[],"_links":{"self":[{"href":"http:\/\/ilan.tavsanli.bel.tr\/index.php\/wp-json\/wp\/v2\/posts\/6653"}],"collection":[{"href":"http:\/\/ilan.tavsanli.bel.tr\/index.php\/wp-json\/wp\/v2\/posts"}],"about":[{"href":"http:\/\/ilan.tavsanli.bel.tr\/index.php\/wp-json\/wp\/v2\/types\/post"}],"author":[{"embeddable":true,"href":"http:\/\/ilan.tavsanli.bel.tr\/index.php\/wp-json\/wp\/v2\/users\/7"}],"replies":[{"embeddable":true,"href":"http:\/\/ilan.tavsanli.bel.tr\/index.php\/wp-json\/wp\/v2\/comments?post=6653"}],"version-history":[{"count":1,"href":"http:\/\/ilan.tavsanli.bel.tr\/index.php\/wp-json\/wp\/v2\/posts\/6653\/revisions"}],"predecessor-version":[{"id":6654,"href":"http:\/\/ilan.tavsanli.bel.tr\/index.php\/wp-json\/wp\/v2\/posts\/6653\/revisions\/6654"}],"wp:attachment":[{"href":"http:\/\/ilan.tavsanli.bel.tr\/index.php\/wp-json\/wp\/v2\/media?parent=6653"}],"wp:term":[{"taxonomy":"category","embeddable":true,"href":"http:\/\/ilan.tavsanli.bel.tr\/index.php\/wp-json\/wp\/v2\/categories?post=6653"},{"taxonomy":"post_tag","embeddable":true,"href":"http:\/\/ilan.tavsanli.bel.tr\/index.php\/wp-json\/wp\/v2\/tags?post=6653"}],"curies":[{"name":"wp","href":"https:\/\/api.w.org\/{rel}","templated":true}]}}