{"id":6651,"date":"2024-06-12T11:07:09","date_gmt":"2024-06-12T11:07:09","guid":{"rendered":"http:\/\/ilan.tavsanli.bel.tr\/?p=6651"},"modified":"2024-06-12T11:07:09","modified_gmt":"2024-06-12T11:07:09","slug":"6651","status":"publish","type":"post","link":"http:\/\/ilan.tavsanli.bel.tr\/index.php\/2024\/06\/12\/6651\/","title":{"rendered":""},"content":{"rendered":"<p>\u0130smail \u00c7ubuk&#8217;un e\u015fi, Recep, Ahmet ve Hasan Kavr\u0131k&#8217;\u0131n karde\u015fi, H\u00fcseyin \u00c7ubuk&#8217;un annesi, Ramazan Ba\u015fl\u0131 ve Resul \u0130pek&#8217;in kay\u0131nvalidesi, HACER \u00c7UBUK vefat etmi\u015ftir. Cenazesi ikindi namaz\u0131n\u0131 m\u00fcteakip g\u00fcra\u011fa\u00e7 \u00e7\u0131nar mahallesi mezarl\u0131\u011f\u0131na defnedilecektir. Merhumeye Allah&#8217;tan rahmet ailesine ve yak\u0131nlar\u0131na ba\u015fsa\u011fl\u0131\u011f\u0131 dileriz.<\/p>\n","protected":false},"excerpt":{"rendered":"<p>\u0130smail \u00c7ubuk&#8217;un e\u015fi, Recep, Ahmet ve Hasan Kavr\u0131k&#8217;\u0131n karde\u015fi, H\u00fcseyin \u00c7ubuk&#8217;un annesi, Ramazan Ba\u015fl\u0131 ve Resul \u0130pek&#8217;in kay\u0131nvalidesi, HACER \u00c7UBUK vefat etmi\u015ftir. Cenazesi ikindi namaz\u0131n\u0131 m\u00fcteakip g\u00fcra\u011fa\u00e7 \u00e7\u0131nar mahallesi mezarl\u0131\u011f\u0131na defnedilecektir. Merhumeye Allah&#8217;tan rahmet ailesine ve yak\u0131nlar\u0131na ba\u015fsa\u011fl\u0131\u011f\u0131 dileriz.<\/p>\n","protected":false},"author":7,"featured_media":0,"comment_status":"closed","ping_status":"closed","sticky":false,"template":"","format":"standard","meta":[],"categories":[2],"tags":[],"_links":{"self":[{"href":"http:\/\/ilan.tavsanli.bel.tr\/index.php\/wp-json\/wp\/v2\/posts\/6651"}],"collection":[{"href":"http:\/\/ilan.tavsanli.bel.tr\/index.php\/wp-json\/wp\/v2\/posts"}],"about":[{"href":"http:\/\/ilan.tavsanli.bel.tr\/index.php\/wp-json\/wp\/v2\/types\/post"}],"author":[{"embeddable":true,"href":"http:\/\/ilan.tavsanli.bel.tr\/index.php\/wp-json\/wp\/v2\/users\/7"}],"replies":[{"embeddable":true,"href":"http:\/\/ilan.tavsanli.bel.tr\/index.php\/wp-json\/wp\/v2\/comments?post=6651"}],"version-history":[{"count":1,"href":"http:\/\/ilan.tavsanli.bel.tr\/index.php\/wp-json\/wp\/v2\/posts\/6651\/revisions"}],"predecessor-version":[{"id":6652,"href":"http:\/\/ilan.tavsanli.bel.tr\/index.php\/wp-json\/wp\/v2\/posts\/6651\/revisions\/6652"}],"wp:attachment":[{"href":"http:\/\/ilan.tavsanli.bel.tr\/index.php\/wp-json\/wp\/v2\/media?parent=6651"}],"wp:term":[{"taxonomy":"category","embeddable":true,"href":"http:\/\/ilan.tavsanli.bel.tr\/index.php\/wp-json\/wp\/v2\/categories?post=6651"},{"taxonomy":"post_tag","embeddable":true,"href":"http:\/\/ilan.tavsanli.bel.tr\/index.php\/wp-json\/wp\/v2\/tags?post=6651"}],"curies":[{"name":"wp","href":"https:\/\/api.w.org\/{rel}","templated":true}]}}