{"id":6647,"date":"2024-06-12T11:06:36","date_gmt":"2024-06-12T11:06:36","guid":{"rendered":"http:\/\/ilan.tavsanli.bel.tr\/?p=6647"},"modified":"2024-06-12T11:06:36","modified_gmt":"2024-06-12T11:06:36","slug":"6647","status":"publish","type":"post","link":"http:\/\/ilan.tavsanli.bel.tr\/index.php\/2024\/06\/12\/6647\/","title":{"rendered":""},"content":{"rendered":"<p><span data-offset-key=\"5j3kg-0-0\">Dedeler mahallesinden merhum hac\u0131 H\u00fcseyin Turan\u2019\u0131n o\u011flu, Tahsin, Ahmet, Mehmet, T\u00fcrkan, \u015e\u00fckran, merhum Akif, merhum Hatice, merhum Nurten ve merhum Ali Turan\u2019\u0131n abisi, Taner ve \u015eener Turan\u2019\u0131n babalar\u0131, azot fabrikas\u0131 emekli i\u015f\u00e7ilerinden SELAHATT\u0130N TURAN vefat etmi\u015ftir. Cenazesi \u00f6\u011fle namaz\u0131n\u0131 m\u00fcteakip dedeler <\/span><span data-offset-key=\"5j3kg-1-0\">mahallesi<\/span><span data-offset-key=\"5j3kg-2-0\"> mezarl\u0131\u011f\u0131na defnedilecektir. Merhuma Allah\u2019tan rahmet ailesine ve yak\u0131nlar\u0131na ba\u015fsa\u011fl\u0131\u011f\u0131 dileriz.<\/span><\/p>\n","protected":false},"excerpt":{"rendered":"<p>Dedeler mahallesinden merhum hac\u0131 H\u00fcseyin Turan\u2019\u0131n o\u011flu, Tahsin, Ahmet, Mehmet, T\u00fcrkan, \u015e\u00fckran, merhum Akif, merhum Hatice, merhum Nurten ve merhum Ali Turan\u2019\u0131n abisi, Taner ve \u015eener Turan\u2019\u0131n babalar\u0131, azot fabrikas\u0131 emekli i\u015f\u00e7ilerinden SELAHATT\u0130N TURAN vefat etmi\u015ftir. Cenazesi \u00f6\u011fle namaz\u0131n\u0131 m\u00fcteakip dedeler mahallesi mezarl\u0131\u011f\u0131na defnedilecektir. Merhuma Allah\u2019tan rahmet ailesine ve yak\u0131nlar\u0131na ba\u015fsa\u011fl\u0131\u011f\u0131 dileriz.<\/p>\n","protected":false},"author":7,"featured_media":0,"comment_status":"closed","ping_status":"closed","sticky":false,"template":"","format":"standard","meta":[],"categories":[2],"tags":[],"_links":{"self":[{"href":"http:\/\/ilan.tavsanli.bel.tr\/index.php\/wp-json\/wp\/v2\/posts\/6647"}],"collection":[{"href":"http:\/\/ilan.tavsanli.bel.tr\/index.php\/wp-json\/wp\/v2\/posts"}],"about":[{"href":"http:\/\/ilan.tavsanli.bel.tr\/index.php\/wp-json\/wp\/v2\/types\/post"}],"author":[{"embeddable":true,"href":"http:\/\/ilan.tavsanli.bel.tr\/index.php\/wp-json\/wp\/v2\/users\/7"}],"replies":[{"embeddable":true,"href":"http:\/\/ilan.tavsanli.bel.tr\/index.php\/wp-json\/wp\/v2\/comments?post=6647"}],"version-history":[{"count":1,"href":"http:\/\/ilan.tavsanli.bel.tr\/index.php\/wp-json\/wp\/v2\/posts\/6647\/revisions"}],"predecessor-version":[{"id":6648,"href":"http:\/\/ilan.tavsanli.bel.tr\/index.php\/wp-json\/wp\/v2\/posts\/6647\/revisions\/6648"}],"wp:attachment":[{"href":"http:\/\/ilan.tavsanli.bel.tr\/index.php\/wp-json\/wp\/v2\/media?parent=6647"}],"wp:term":[{"taxonomy":"category","embeddable":true,"href":"http:\/\/ilan.tavsanli.bel.tr\/index.php\/wp-json\/wp\/v2\/categories?post=6647"},{"taxonomy":"post_tag","embeddable":true,"href":"http:\/\/ilan.tavsanli.bel.tr\/index.php\/wp-json\/wp\/v2\/tags?post=6647"}],"curies":[{"name":"wp","href":"https:\/\/api.w.org\/{rel}","templated":true}]}}