{"id":6639,"date":"2024-06-11T08:10:18","date_gmt":"2024-06-11T08:10:18","guid":{"rendered":"http:\/\/ilan.tavsanli.bel.tr\/?p=6639"},"modified":"2024-06-11T08:10:18","modified_gmt":"2024-06-11T08:10:18","slug":"6639","status":"publish","type":"post","link":"http:\/\/ilan.tavsanli.bel.tr\/index.php\/2024\/06\/11\/6639\/","title":{"rendered":""},"content":{"rendered":"<p><span data-offset-key=\"agk27-1-0\">Karapelit<\/span><span data-offset-key=\"agk27-2-0\"> k\u00f6y\u00fcnden merhum Hasan H\u00fcseyin Yava\u015f\u2019\u0131n o\u011flu, Kemal ve Sabri Yava\u015f\u2019\u0131n abileri, \u0130smail Yava\u015f\u2019\u0131n babas\u0131, Halil \u0130brahim Ert\u00fcm\u00fcr\u2019\u00fcn kay\u0131npederi, M\u00dcRSEL YAVA\u015e vefat etmi\u015ftir. Cenazesi saat 11:30 da karapelit k\u00f6y\u00fc mezarl\u0131\u011f\u0131na defnedilecektir. Merhuma Allah\u2019tan rahmet ailesine ve yak\u0131nlar\u0131na ba\u015fsa\u011fl\u0131\u011f\u0131 dileriz.<\/span><\/p>\n","protected":false},"excerpt":{"rendered":"<p>Karapelit k\u00f6y\u00fcnden merhum Hasan H\u00fcseyin Yava\u015f\u2019\u0131n o\u011flu, Kemal ve Sabri Yava\u015f\u2019\u0131n abileri, \u0130smail Yava\u015f\u2019\u0131n babas\u0131, Halil \u0130brahim Ert\u00fcm\u00fcr\u2019\u00fcn kay\u0131npederi, M\u00dcRSEL YAVA\u015e vefat etmi\u015ftir. Cenazesi saat 11:30 da karapelit k\u00f6y\u00fc mezarl\u0131\u011f\u0131na defnedilecektir. Merhuma Allah\u2019tan rahmet ailesine ve yak\u0131nlar\u0131na ba\u015fsa\u011fl\u0131\u011f\u0131 dileriz.<\/p>\n","protected":false},"author":7,"featured_media":0,"comment_status":"closed","ping_status":"closed","sticky":false,"template":"","format":"standard","meta":[],"categories":[2],"tags":[],"_links":{"self":[{"href":"http:\/\/ilan.tavsanli.bel.tr\/index.php\/wp-json\/wp\/v2\/posts\/6639"}],"collection":[{"href":"http:\/\/ilan.tavsanli.bel.tr\/index.php\/wp-json\/wp\/v2\/posts"}],"about":[{"href":"http:\/\/ilan.tavsanli.bel.tr\/index.php\/wp-json\/wp\/v2\/types\/post"}],"author":[{"embeddable":true,"href":"http:\/\/ilan.tavsanli.bel.tr\/index.php\/wp-json\/wp\/v2\/users\/7"}],"replies":[{"embeddable":true,"href":"http:\/\/ilan.tavsanli.bel.tr\/index.php\/wp-json\/wp\/v2\/comments?post=6639"}],"version-history":[{"count":1,"href":"http:\/\/ilan.tavsanli.bel.tr\/index.php\/wp-json\/wp\/v2\/posts\/6639\/revisions"}],"predecessor-version":[{"id":6640,"href":"http:\/\/ilan.tavsanli.bel.tr\/index.php\/wp-json\/wp\/v2\/posts\/6639\/revisions\/6640"}],"wp:attachment":[{"href":"http:\/\/ilan.tavsanli.bel.tr\/index.php\/wp-json\/wp\/v2\/media?parent=6639"}],"wp:term":[{"taxonomy":"category","embeddable":true,"href":"http:\/\/ilan.tavsanli.bel.tr\/index.php\/wp-json\/wp\/v2\/categories?post=6639"},{"taxonomy":"post_tag","embeddable":true,"href":"http:\/\/ilan.tavsanli.bel.tr\/index.php\/wp-json\/wp\/v2\/tags?post=6639"}],"curies":[{"name":"wp","href":"https:\/\/api.w.org\/{rel}","templated":true}]}}