{"id":6628,"date":"2024-06-07T08:06:38","date_gmt":"2024-06-07T08:06:38","guid":{"rendered":"http:\/\/ilan.tavsanli.bel.tr\/?p=6628"},"modified":"2024-06-07T08:06:38","modified_gmt":"2024-06-07T08:06:38","slug":"6628","status":"publish","type":"post","link":"http:\/\/ilan.tavsanli.bel.tr\/index.php\/2024\/06\/07\/6628\/","title":{"rendered":""},"content":{"rendered":"<p><strong>Efe Mehmet Sa\u011flam\u2019\u0131n karde\u015fi, \u015eerife Kaya\u2019n\u0131n babas\u0131, \u00d6zay Kaya\u2019n\u0131n kay\u0131npederi, YAKUP SA\u011eLAM vefat etmi\u015ftir. Cenazesi cuma namaz\u0131n\u0131 m\u00fcteakip s\u00fclye \u0131\u015f\u0131kl\u0131 k\u00f6y\u00fc mezarl\u0131\u011f\u0131na defnedilecektir. Merhuma Allah\u2019tan rahmet ailesine ve yak\u0131nlar\u0131na ba\u015fsa\u011fl\u0131\u011f\u0131 dileriz.<\/strong><\/p>\n","protected":false},"excerpt":{"rendered":"<p>Efe Mehmet Sa\u011flam\u2019\u0131n karde\u015fi, \u015eerife Kaya\u2019n\u0131n babas\u0131, \u00d6zay Kaya\u2019n\u0131n kay\u0131npederi, YAKUP SA\u011eLAM vefat etmi\u015ftir. Cenazesi cuma namaz\u0131n\u0131 m\u00fcteakip s\u00fclye \u0131\u015f\u0131kl\u0131 k\u00f6y\u00fc mezarl\u0131\u011f\u0131na defnedilecektir. Merhuma Allah\u2019tan rahmet ailesine ve yak\u0131nlar\u0131na ba\u015fsa\u011fl\u0131\u011f\u0131 dileriz.<\/p>\n","protected":false},"author":7,"featured_media":0,"comment_status":"closed","ping_status":"closed","sticky":false,"template":"","format":"standard","meta":[],"categories":[2],"tags":[],"_links":{"self":[{"href":"http:\/\/ilan.tavsanli.bel.tr\/index.php\/wp-json\/wp\/v2\/posts\/6628"}],"collection":[{"href":"http:\/\/ilan.tavsanli.bel.tr\/index.php\/wp-json\/wp\/v2\/posts"}],"about":[{"href":"http:\/\/ilan.tavsanli.bel.tr\/index.php\/wp-json\/wp\/v2\/types\/post"}],"author":[{"embeddable":true,"href":"http:\/\/ilan.tavsanli.bel.tr\/index.php\/wp-json\/wp\/v2\/users\/7"}],"replies":[{"embeddable":true,"href":"http:\/\/ilan.tavsanli.bel.tr\/index.php\/wp-json\/wp\/v2\/comments?post=6628"}],"version-history":[{"count":1,"href":"http:\/\/ilan.tavsanli.bel.tr\/index.php\/wp-json\/wp\/v2\/posts\/6628\/revisions"}],"predecessor-version":[{"id":6629,"href":"http:\/\/ilan.tavsanli.bel.tr\/index.php\/wp-json\/wp\/v2\/posts\/6628\/revisions\/6629"}],"wp:attachment":[{"href":"http:\/\/ilan.tavsanli.bel.tr\/index.php\/wp-json\/wp\/v2\/media?parent=6628"}],"wp:term":[{"taxonomy":"category","embeddable":true,"href":"http:\/\/ilan.tavsanli.bel.tr\/index.php\/wp-json\/wp\/v2\/categories?post=6628"},{"taxonomy":"post_tag","embeddable":true,"href":"http:\/\/ilan.tavsanli.bel.tr\/index.php\/wp-json\/wp\/v2\/tags?post=6628"}],"curies":[{"name":"wp","href":"https:\/\/api.w.org\/{rel}","templated":true}]}}