{"id":6610,"date":"2024-06-05T08:14:58","date_gmt":"2024-06-05T08:14:58","guid":{"rendered":"http:\/\/ilan.tavsanli.bel.tr\/?p=6610"},"modified":"2024-06-05T08:14:58","modified_gmt":"2024-06-05T08:14:58","slug":"6610","status":"publish","type":"post","link":"http:\/\/ilan.tavsanli.bel.tr\/index.php\/2024\/06\/05\/6610\/","title":{"rendered":""},"content":{"rendered":"<p><strong>Y\u00f6rg\u00fc\u00e7 k\u00f6y\u00fcnden merhum Halime ve merhum \u015eerif \u015een\u2019in k\u0131z\u0131, Osman T\u00fcrk\u2019\u00fcn e\u015fi, \u0130mran ve \u00dcnal T\u00fcrk\u2019\u00fcn anneleri, Halil \u0130brahim ve merhum Ahmet \u015een\u2019in k\u0131z karde\u015fi, Kenan Sevilmi\u015f\u2019in kay\u0131nvalidesi, \u0130SM\u0130G\u00dcL T\u00dcRK vefat etmi\u015ftir. Cenazesi \u00f6\u011fle namaz\u0131n\u0131 m\u00fcteakip y\u00f6rg\u00fc\u00e7 k\u00f6y\u00fc mezarl\u0131\u011f\u0131na defnedilecektir. Merhumeye Allah\u2019tan rahmet ailesine ve yak\u0131nlar\u0131na ba\u015fsa\u011fl\u0131\u011f\u0131 dileriz.<\/strong><\/p>\n","protected":false},"excerpt":{"rendered":"<p>Y\u00f6rg\u00fc\u00e7 k\u00f6y\u00fcnden merhum Halime ve merhum \u015eerif \u015een\u2019in k\u0131z\u0131, Osman T\u00fcrk\u2019\u00fcn e\u015fi, \u0130mran ve \u00dcnal T\u00fcrk\u2019\u00fcn anneleri, Halil \u0130brahim ve merhum Ahmet \u015een\u2019in k\u0131z karde\u015fi, Kenan Sevilmi\u015f\u2019in kay\u0131nvalidesi, \u0130SM\u0130G\u00dcL T\u00dcRK vefat etmi\u015ftir. Cenazesi \u00f6\u011fle namaz\u0131n\u0131 m\u00fcteakip y\u00f6rg\u00fc\u00e7 k\u00f6y\u00fc mezarl\u0131\u011f\u0131na defnedilecektir. Merhumeye Allah\u2019tan rahmet ailesine ve yak\u0131nlar\u0131na ba\u015fsa\u011fl\u0131\u011f\u0131 dileriz.<\/p>\n","protected":false},"author":7,"featured_media":0,"comment_status":"closed","ping_status":"closed","sticky":false,"template":"","format":"standard","meta":[],"categories":[2],"tags":[],"_links":{"self":[{"href":"http:\/\/ilan.tavsanli.bel.tr\/index.php\/wp-json\/wp\/v2\/posts\/6610"}],"collection":[{"href":"http:\/\/ilan.tavsanli.bel.tr\/index.php\/wp-json\/wp\/v2\/posts"}],"about":[{"href":"http:\/\/ilan.tavsanli.bel.tr\/index.php\/wp-json\/wp\/v2\/types\/post"}],"author":[{"embeddable":true,"href":"http:\/\/ilan.tavsanli.bel.tr\/index.php\/wp-json\/wp\/v2\/users\/7"}],"replies":[{"embeddable":true,"href":"http:\/\/ilan.tavsanli.bel.tr\/index.php\/wp-json\/wp\/v2\/comments?post=6610"}],"version-history":[{"count":1,"href":"http:\/\/ilan.tavsanli.bel.tr\/index.php\/wp-json\/wp\/v2\/posts\/6610\/revisions"}],"predecessor-version":[{"id":6611,"href":"http:\/\/ilan.tavsanli.bel.tr\/index.php\/wp-json\/wp\/v2\/posts\/6610\/revisions\/6611"}],"wp:attachment":[{"href":"http:\/\/ilan.tavsanli.bel.tr\/index.php\/wp-json\/wp\/v2\/media?parent=6610"}],"wp:term":[{"taxonomy":"category","embeddable":true,"href":"http:\/\/ilan.tavsanli.bel.tr\/index.php\/wp-json\/wp\/v2\/categories?post=6610"},{"taxonomy":"post_tag","embeddable":true,"href":"http:\/\/ilan.tavsanli.bel.tr\/index.php\/wp-json\/wp\/v2\/tags?post=6610"}],"curies":[{"name":"wp","href":"https:\/\/api.w.org\/{rel}","templated":true}]}}