{"id":6604,"date":"2024-06-04T08:15:26","date_gmt":"2024-06-04T08:15:26","guid":{"rendered":"http:\/\/ilan.tavsanli.bel.tr\/?p=6604"},"modified":"2024-06-04T08:15:26","modified_gmt":"2024-06-04T08:15:26","slug":"6604","status":"publish","type":"post","link":"http:\/\/ilan.tavsanli.bel.tr\/index.php\/2024\/06\/04\/6604\/","title":{"rendered":""},"content":{"rendered":"<p><span data-offset-key=\"b4amg-1-0\">Merhum<\/span><span data-offset-key=\"b4amg-2-0\"> Orhan \u015eent\u00fcrk\u2019\u00fcn o\u011flu, \u00d6zcan ve merhum Can \u015eent\u00fcrk\u2019\u00fcn abisi, Muhammed Demirel ve Erhan Han\u2019\u0131n kay\u0131npederi, G.L.\u0130 merkez emekli memurlar\u0131ndan B\u0130CAN \u015eENT\u00dcRK vefat etmi\u015ftir. Cenazesi ulucamide k\u0131l\u0131nacak \u00f6\u011fle namaz\u0131n\u0131 m\u00fcteakip tav\u015fanl\u0131 mezarl\u0131\u011f\u0131na defnedilecektir. Merhuma Allah\u2019tan rahmet ailesine ve yak\u0131nlar\u0131na ba\u015fsa\u011fl\u0131\u011f\u0131 dileriz.<\/span><\/p>\n","protected":false},"excerpt":{"rendered":"<p>Merhum Orhan \u015eent\u00fcrk\u2019\u00fcn o\u011flu, \u00d6zcan ve merhum Can \u015eent\u00fcrk\u2019\u00fcn abisi, Muhammed Demirel ve Erhan Han\u2019\u0131n kay\u0131npederi, G.L.\u0130 merkez emekli memurlar\u0131ndan B\u0130CAN \u015eENT\u00dcRK vefat etmi\u015ftir. Cenazesi ulucamide k\u0131l\u0131nacak \u00f6\u011fle namaz\u0131n\u0131 m\u00fcteakip tav\u015fanl\u0131 mezarl\u0131\u011f\u0131na defnedilecektir. Merhuma Allah\u2019tan rahmet ailesine ve yak\u0131nlar\u0131na ba\u015fsa\u011fl\u0131\u011f\u0131 dileriz.<\/p>\n","protected":false},"author":7,"featured_media":0,"comment_status":"closed","ping_status":"closed","sticky":false,"template":"","format":"standard","meta":[],"categories":[2],"tags":[],"_links":{"self":[{"href":"http:\/\/ilan.tavsanli.bel.tr\/index.php\/wp-json\/wp\/v2\/posts\/6604"}],"collection":[{"href":"http:\/\/ilan.tavsanli.bel.tr\/index.php\/wp-json\/wp\/v2\/posts"}],"about":[{"href":"http:\/\/ilan.tavsanli.bel.tr\/index.php\/wp-json\/wp\/v2\/types\/post"}],"author":[{"embeddable":true,"href":"http:\/\/ilan.tavsanli.bel.tr\/index.php\/wp-json\/wp\/v2\/users\/7"}],"replies":[{"embeddable":true,"href":"http:\/\/ilan.tavsanli.bel.tr\/index.php\/wp-json\/wp\/v2\/comments?post=6604"}],"version-history":[{"count":1,"href":"http:\/\/ilan.tavsanli.bel.tr\/index.php\/wp-json\/wp\/v2\/posts\/6604\/revisions"}],"predecessor-version":[{"id":6605,"href":"http:\/\/ilan.tavsanli.bel.tr\/index.php\/wp-json\/wp\/v2\/posts\/6604\/revisions\/6605"}],"wp:attachment":[{"href":"http:\/\/ilan.tavsanli.bel.tr\/index.php\/wp-json\/wp\/v2\/media?parent=6604"}],"wp:term":[{"taxonomy":"category","embeddable":true,"href":"http:\/\/ilan.tavsanli.bel.tr\/index.php\/wp-json\/wp\/v2\/categories?post=6604"},{"taxonomy":"post_tag","embeddable":true,"href":"http:\/\/ilan.tavsanli.bel.tr\/index.php\/wp-json\/wp\/v2\/tags?post=6604"}],"curies":[{"name":"wp","href":"https:\/\/api.w.org\/{rel}","templated":true}]}}