{"id":6598,"date":"2024-06-03T11:37:11","date_gmt":"2024-06-03T11:37:11","guid":{"rendered":"http:\/\/ilan.tavsanli.bel.tr\/?p=6598"},"modified":"2024-06-03T11:37:11","modified_gmt":"2024-06-03T11:37:11","slug":"6598","status":"publish","type":"post","link":"http:\/\/ilan.tavsanli.bel.tr\/index.php\/2024\/06\/03\/6598\/","title":{"rendered":""},"content":{"rendered":"<p><strong>Tun\u00e7bilek beldesinden Selahattin Usluer\u2019in o\u011flu, Nihat Usluer, Kaz\u0131m Aly\u00fcz ve Yasin Usluer\u2019in ye\u011feni tun\u00e7bilek belediyesi \u00e7al\u0131\u015fanlar\u0131ndan BAK\u0130 USLUER vefat etmi\u015ftir. Cenazesi \u00a0ikindi namaz\u0131n\u0131 m\u00fcteakip tun\u00e7bilek merkez mahalllesi mezarl\u0131\u011f\u0131na defnedilecektir. Merhuma Allah\u2019tan rahmet ailesine ve yak\u0131nlar\u0131na ba\u015fsa\u011fl\u0131\u011f\u0131 dileriz.<\/strong><\/p>\n","protected":false},"excerpt":{"rendered":"<p>Tun\u00e7bilek beldesinden Selahattin Usluer\u2019in o\u011flu, Nihat Usluer, Kaz\u0131m Aly\u00fcz ve Yasin Usluer\u2019in ye\u011feni tun\u00e7bilek belediyesi \u00e7al\u0131\u015fanlar\u0131ndan BAK\u0130 USLUER vefat etmi\u015ftir. Cenazesi \u00a0ikindi namaz\u0131n\u0131 m\u00fcteakip tun\u00e7bilek merkez mahalllesi mezarl\u0131\u011f\u0131na defnedilecektir. Merhuma Allah\u2019tan rahmet ailesine ve yak\u0131nlar\u0131na ba\u015fsa\u011fl\u0131\u011f\u0131 dileriz.<\/p>\n","protected":false},"author":7,"featured_media":0,"comment_status":"closed","ping_status":"closed","sticky":false,"template":"","format":"standard","meta":[],"categories":[2],"tags":[],"_links":{"self":[{"href":"http:\/\/ilan.tavsanli.bel.tr\/index.php\/wp-json\/wp\/v2\/posts\/6598"}],"collection":[{"href":"http:\/\/ilan.tavsanli.bel.tr\/index.php\/wp-json\/wp\/v2\/posts"}],"about":[{"href":"http:\/\/ilan.tavsanli.bel.tr\/index.php\/wp-json\/wp\/v2\/types\/post"}],"author":[{"embeddable":true,"href":"http:\/\/ilan.tavsanli.bel.tr\/index.php\/wp-json\/wp\/v2\/users\/7"}],"replies":[{"embeddable":true,"href":"http:\/\/ilan.tavsanli.bel.tr\/index.php\/wp-json\/wp\/v2\/comments?post=6598"}],"version-history":[{"count":1,"href":"http:\/\/ilan.tavsanli.bel.tr\/index.php\/wp-json\/wp\/v2\/posts\/6598\/revisions"}],"predecessor-version":[{"id":6599,"href":"http:\/\/ilan.tavsanli.bel.tr\/index.php\/wp-json\/wp\/v2\/posts\/6598\/revisions\/6599"}],"wp:attachment":[{"href":"http:\/\/ilan.tavsanli.bel.tr\/index.php\/wp-json\/wp\/v2\/media?parent=6598"}],"wp:term":[{"taxonomy":"category","embeddable":true,"href":"http:\/\/ilan.tavsanli.bel.tr\/index.php\/wp-json\/wp\/v2\/categories?post=6598"},{"taxonomy":"post_tag","embeddable":true,"href":"http:\/\/ilan.tavsanli.bel.tr\/index.php\/wp-json\/wp\/v2\/tags?post=6598"}],"curies":[{"name":"wp","href":"https:\/\/api.w.org\/{rel}","templated":true}]}}