{"id":6550,"date":"2024-05-24T11:09:02","date_gmt":"2024-05-24T11:09:02","guid":{"rendered":"http:\/\/ilan.tavsanli.bel.tr\/?p=6550"},"modified":"2024-05-24T11:09:02","modified_gmt":"2024-05-24T11:09:02","slug":"6550","status":"publish","type":"post","link":"http:\/\/ilan.tavsanli.bel.tr\/index.php\/2024\/05\/24\/6550\/","title":{"rendered":""},"content":{"rendered":"<p>Emet yaylayolu k\u00f6y\u00fcnden merhum Halil D\u00fczg\u00fcn\u2019\u00fcn o\u011flu, \u0130smail, Hasan ve Turgut D\u00fczg\u00fcn\u2019\u00fcn karde\u015fi, Aynur ve Halil D\u00fczg\u00fcn\u2019\u00fcn babalar\u0131, Levent Ceylan\u2019\u0131n kay\u0131npederi, H\u00dcSEY\u0130N D\u00dcZG\u00dcN vefat etmi\u015ftir. Cenazesi imam hatip camisinde k\u0131l\u0131nacak ikindi namaz\u0131n\u0131 m\u00fcteakip yeni yaylac\u0131k mezarl\u0131\u011f\u0131na defnedilecektir. Merhuma Allah\u2019tan rahmet ailesine ve yak\u0131nlar\u0131na ba\u015fsa\u011fl\u0131\u011f\u0131 dileriz.<\/p>\n","protected":false},"excerpt":{"rendered":"<p>Emet yaylayolu k\u00f6y\u00fcnden merhum Halil D\u00fczg\u00fcn\u2019\u00fcn o\u011flu, \u0130smail, Hasan ve Turgut D\u00fczg\u00fcn\u2019\u00fcn karde\u015fi, Aynur ve Halil D\u00fczg\u00fcn\u2019\u00fcn babalar\u0131, Levent Ceylan\u2019\u0131n kay\u0131npederi, H\u00dcSEY\u0130N D\u00dcZG\u00dcN vefat etmi\u015ftir. Cenazesi imam hatip camisinde k\u0131l\u0131nacak ikindi namaz\u0131n\u0131 m\u00fcteakip yeni yaylac\u0131k mezarl\u0131\u011f\u0131na defnedilecektir. Merhuma Allah\u2019tan rahmet ailesine ve yak\u0131nlar\u0131na ba\u015fsa\u011fl\u0131\u011f\u0131 dileriz.<\/p>\n","protected":false},"author":7,"featured_media":0,"comment_status":"closed","ping_status":"closed","sticky":false,"template":"","format":"standard","meta":[],"categories":[2],"tags":[],"_links":{"self":[{"href":"http:\/\/ilan.tavsanli.bel.tr\/index.php\/wp-json\/wp\/v2\/posts\/6550"}],"collection":[{"href":"http:\/\/ilan.tavsanli.bel.tr\/index.php\/wp-json\/wp\/v2\/posts"}],"about":[{"href":"http:\/\/ilan.tavsanli.bel.tr\/index.php\/wp-json\/wp\/v2\/types\/post"}],"author":[{"embeddable":true,"href":"http:\/\/ilan.tavsanli.bel.tr\/index.php\/wp-json\/wp\/v2\/users\/7"}],"replies":[{"embeddable":true,"href":"http:\/\/ilan.tavsanli.bel.tr\/index.php\/wp-json\/wp\/v2\/comments?post=6550"}],"version-history":[{"count":1,"href":"http:\/\/ilan.tavsanli.bel.tr\/index.php\/wp-json\/wp\/v2\/posts\/6550\/revisions"}],"predecessor-version":[{"id":6551,"href":"http:\/\/ilan.tavsanli.bel.tr\/index.php\/wp-json\/wp\/v2\/posts\/6550\/revisions\/6551"}],"wp:attachment":[{"href":"http:\/\/ilan.tavsanli.bel.tr\/index.php\/wp-json\/wp\/v2\/media?parent=6550"}],"wp:term":[{"taxonomy":"category","embeddable":true,"href":"http:\/\/ilan.tavsanli.bel.tr\/index.php\/wp-json\/wp\/v2\/categories?post=6550"},{"taxonomy":"post_tag","embeddable":true,"href":"http:\/\/ilan.tavsanli.bel.tr\/index.php\/wp-json\/wp\/v2\/tags?post=6550"}],"curies":[{"name":"wp","href":"https:\/\/api.w.org\/{rel}","templated":true}]}}