{"id":6514,"date":"2024-05-18T08:25:13","date_gmt":"2024-05-18T08:25:13","guid":{"rendered":"http:\/\/ilan.tavsanli.bel.tr\/?p=6514"},"modified":"2024-05-18T08:25:13","modified_gmt":"2024-05-18T08:25:13","slug":"6514","status":"publish","type":"post","link":"http:\/\/ilan.tavsanli.bel.tr\/index.php\/2024\/05\/18\/6514\/","title":{"rendered":""},"content":{"rendered":"<p><span data-offset-key=\"7b5b1-1-0\">Kuru\u00e7ay<\/span><span data-offset-key=\"7b5b1-2-0\"> beldesinden \u0130smail Hakk\u0131 Top\u00e7u\u2019nun e\u015fi, Ahmet Ali Top\u00e7u\u2019nun karde\u015fi, Y\u00fcksel G\u00f6kmen ve Mustafa Girgin\u2019in kay\u0131nvalidesi, CEM\u0130LE TOP\u00c7U vefat etmi\u015ftir. Cenazesi \u00f6\u011fle namaz\u0131n\u0131 m\u00fcteakip kuru\u00e7ay belde mezarl\u0131\u011f\u0131na defnedilecektir. Merhumeye Allah\u2019tan rahmet ailesine ve yak\u0131nlar\u0131na ba\u015fsa\u011fl\u0131\u011f\u0131 dileriz.<\/span><\/p>\n","protected":false},"excerpt":{"rendered":"<p>Kuru\u00e7ay beldesinden \u0130smail Hakk\u0131 Top\u00e7u\u2019nun e\u015fi, Ahmet Ali Top\u00e7u\u2019nun karde\u015fi, Y\u00fcksel G\u00f6kmen ve Mustafa Girgin\u2019in kay\u0131nvalidesi, CEM\u0130LE TOP\u00c7U vefat etmi\u015ftir. Cenazesi \u00f6\u011fle namaz\u0131n\u0131 m\u00fcteakip kuru\u00e7ay belde mezarl\u0131\u011f\u0131na defnedilecektir. Merhumeye Allah\u2019tan rahmet ailesine ve yak\u0131nlar\u0131na ba\u015fsa\u011fl\u0131\u011f\u0131 dileriz.<\/p>\n","protected":false},"author":7,"featured_media":0,"comment_status":"closed","ping_status":"closed","sticky":false,"template":"","format":"standard","meta":[],"categories":[2],"tags":[],"_links":{"self":[{"href":"http:\/\/ilan.tavsanli.bel.tr\/index.php\/wp-json\/wp\/v2\/posts\/6514"}],"collection":[{"href":"http:\/\/ilan.tavsanli.bel.tr\/index.php\/wp-json\/wp\/v2\/posts"}],"about":[{"href":"http:\/\/ilan.tavsanli.bel.tr\/index.php\/wp-json\/wp\/v2\/types\/post"}],"author":[{"embeddable":true,"href":"http:\/\/ilan.tavsanli.bel.tr\/index.php\/wp-json\/wp\/v2\/users\/7"}],"replies":[{"embeddable":true,"href":"http:\/\/ilan.tavsanli.bel.tr\/index.php\/wp-json\/wp\/v2\/comments?post=6514"}],"version-history":[{"count":1,"href":"http:\/\/ilan.tavsanli.bel.tr\/index.php\/wp-json\/wp\/v2\/posts\/6514\/revisions"}],"predecessor-version":[{"id":6515,"href":"http:\/\/ilan.tavsanli.bel.tr\/index.php\/wp-json\/wp\/v2\/posts\/6514\/revisions\/6515"}],"wp:attachment":[{"href":"http:\/\/ilan.tavsanli.bel.tr\/index.php\/wp-json\/wp\/v2\/media?parent=6514"}],"wp:term":[{"taxonomy":"category","embeddable":true,"href":"http:\/\/ilan.tavsanli.bel.tr\/index.php\/wp-json\/wp\/v2\/categories?post=6514"},{"taxonomy":"post_tag","embeddable":true,"href":"http:\/\/ilan.tavsanli.bel.tr\/index.php\/wp-json\/wp\/v2\/tags?post=6514"}],"curies":[{"name":"wp","href":"https:\/\/api.w.org\/{rel}","templated":true}]}}