{"id":6504,"date":"2024-05-17T08:24:54","date_gmt":"2024-05-17T08:24:54","guid":{"rendered":"http:\/\/ilan.tavsanli.bel.tr\/?p=6504"},"modified":"2024-05-17T08:24:54","modified_gmt":"2024-05-17T08:24:54","slug":"6504","status":"publish","type":"post","link":"http:\/\/ilan.tavsanli.bel.tr\/index.php\/2024\/05\/17\/6504\/","title":{"rendered":""},"content":{"rendered":"<p><span data-offset-key=\"4v9m7-0-0\">Ay\u015fe ve Mehmet Ali \u00d6zbey\u2019in o\u011flu, Nazmiye \u00d6zbey\u2019in e\u015fi, \u015eeref ve Erkan \u00d6zbey\u2019in karde\u015fi, merhum Durmu\u015f \u00c7\u00f6mez\u2019in damad\u0131, AKIN \u00d6ZBEY vefat etmi\u015ftir. Cenazesi cuma namaz\u0131n\u0131 m\u00fcteakip hamidabat mahallesi mezarl\u0131\u011f\u0131na defnedilecektir. Merhuma Allah\u2019tan <\/span><span data-offset-key=\"4v9m7-1-0\">rahmet<\/span><span data-offset-key=\"4v9m7-2-0\"> ailesine ve yak\u0131nlar\u0131na ba\u015fsa\u011fl\u0131\u011f\u0131 dileriz.<\/span><\/p>\n","protected":false},"excerpt":{"rendered":"<p>Ay\u015fe ve Mehmet Ali \u00d6zbey\u2019in o\u011flu, Nazmiye \u00d6zbey\u2019in e\u015fi, \u015eeref ve Erkan \u00d6zbey\u2019in karde\u015fi, merhum Durmu\u015f \u00c7\u00f6mez\u2019in damad\u0131, AKIN \u00d6ZBEY vefat etmi\u015ftir. Cenazesi cuma namaz\u0131n\u0131 m\u00fcteakip hamidabat mahallesi mezarl\u0131\u011f\u0131na defnedilecektir. Merhuma Allah\u2019tan rahmet ailesine ve yak\u0131nlar\u0131na ba\u015fsa\u011fl\u0131\u011f\u0131 dileriz.<\/p>\n","protected":false},"author":7,"featured_media":0,"comment_status":"closed","ping_status":"closed","sticky":false,"template":"","format":"standard","meta":[],"categories":[2],"tags":[],"_links":{"self":[{"href":"http:\/\/ilan.tavsanli.bel.tr\/index.php\/wp-json\/wp\/v2\/posts\/6504"}],"collection":[{"href":"http:\/\/ilan.tavsanli.bel.tr\/index.php\/wp-json\/wp\/v2\/posts"}],"about":[{"href":"http:\/\/ilan.tavsanli.bel.tr\/index.php\/wp-json\/wp\/v2\/types\/post"}],"author":[{"embeddable":true,"href":"http:\/\/ilan.tavsanli.bel.tr\/index.php\/wp-json\/wp\/v2\/users\/7"}],"replies":[{"embeddable":true,"href":"http:\/\/ilan.tavsanli.bel.tr\/index.php\/wp-json\/wp\/v2\/comments?post=6504"}],"version-history":[{"count":1,"href":"http:\/\/ilan.tavsanli.bel.tr\/index.php\/wp-json\/wp\/v2\/posts\/6504\/revisions"}],"predecessor-version":[{"id":6505,"href":"http:\/\/ilan.tavsanli.bel.tr\/index.php\/wp-json\/wp\/v2\/posts\/6504\/revisions\/6505"}],"wp:attachment":[{"href":"http:\/\/ilan.tavsanli.bel.tr\/index.php\/wp-json\/wp\/v2\/media?parent=6504"}],"wp:term":[{"taxonomy":"category","embeddable":true,"href":"http:\/\/ilan.tavsanli.bel.tr\/index.php\/wp-json\/wp\/v2\/categories?post=6504"},{"taxonomy":"post_tag","embeddable":true,"href":"http:\/\/ilan.tavsanli.bel.tr\/index.php\/wp-json\/wp\/v2\/tags?post=6504"}],"curies":[{"name":"wp","href":"https:\/\/api.w.org\/{rel}","templated":true}]}}