{"id":6446,"date":"2024-04-30T11:05:23","date_gmt":"2024-04-30T11:05:23","guid":{"rendered":"http:\/\/ilan.tavsanli.bel.tr\/?p=6446"},"modified":"2024-04-30T11:05:23","modified_gmt":"2024-04-30T11:05:23","slug":"6446","status":"publish","type":"post","link":"http:\/\/ilan.tavsanli.bel.tr\/index.php\/2024\/04\/30\/6446\/","title":{"rendered":""},"content":{"rendered":"<p><span data-offset-key=\"5ne7u-0-0\">\u015eenlik k\u00f6y\u00fcnden merhum Mustafa Tokag\u00f6z\u2019\u00fcn o\u011flu, Asuman Tokag\u00f6z\u2019\u00fcn e\u015fi, Murat Tokag\u00f6z\u2019\u00fcn abisi, Elif ve Eren Tokag\u00f6z\u2019\u00fcn babalar\u0131, S\u00fcleyman <\/span><span data-offset-key=\"5ne7u-1-0\">Sever\u2019in<\/span><span data-offset-key=\"5ne7u-2-0\"> damad\u0131, adliye \u00e7al\u0131\u015fanlar\u0131ndan NEVZAT TOKAG\u00d6Z vefat etmi\u015ftir. Cenazesi mevlana camisinde k\u0131l\u0131nacak ikindi namaz\u0131n\u0131 m\u00fcteakip Tav\u015fanl\u0131 mezarl\u0131\u011f\u0131na defnedilecektir. Merhuma Allah\u2019tan rahmet ailesine ve yak\u0131nlar\u0131na ba\u015fsa\u011fl\u0131\u011f\u0131 dileriz.<\/span><\/p>\n","protected":false},"excerpt":{"rendered":"<p>\u015eenlik k\u00f6y\u00fcnden merhum Mustafa Tokag\u00f6z\u2019\u00fcn o\u011flu, Asuman Tokag\u00f6z\u2019\u00fcn e\u015fi, Murat Tokag\u00f6z\u2019\u00fcn abisi, Elif ve Eren Tokag\u00f6z\u2019\u00fcn babalar\u0131, S\u00fcleyman Sever\u2019in damad\u0131, adliye \u00e7al\u0131\u015fanlar\u0131ndan NEVZAT TOKAG\u00d6Z vefat etmi\u015ftir. Cenazesi mevlana camisinde k\u0131l\u0131nacak ikindi namaz\u0131n\u0131 m\u00fcteakip Tav\u015fanl\u0131 mezarl\u0131\u011f\u0131na defnedilecektir. Merhuma Allah\u2019tan rahmet ailesine ve yak\u0131nlar\u0131na ba\u015fsa\u011fl\u0131\u011f\u0131 dileriz.<\/p>\n","protected":false},"author":7,"featured_media":0,"comment_status":"closed","ping_status":"closed","sticky":false,"template":"","format":"standard","meta":[],"categories":[2],"tags":[],"_links":{"self":[{"href":"http:\/\/ilan.tavsanli.bel.tr\/index.php\/wp-json\/wp\/v2\/posts\/6446"}],"collection":[{"href":"http:\/\/ilan.tavsanli.bel.tr\/index.php\/wp-json\/wp\/v2\/posts"}],"about":[{"href":"http:\/\/ilan.tavsanli.bel.tr\/index.php\/wp-json\/wp\/v2\/types\/post"}],"author":[{"embeddable":true,"href":"http:\/\/ilan.tavsanli.bel.tr\/index.php\/wp-json\/wp\/v2\/users\/7"}],"replies":[{"embeddable":true,"href":"http:\/\/ilan.tavsanli.bel.tr\/index.php\/wp-json\/wp\/v2\/comments?post=6446"}],"version-history":[{"count":1,"href":"http:\/\/ilan.tavsanli.bel.tr\/index.php\/wp-json\/wp\/v2\/posts\/6446\/revisions"}],"predecessor-version":[{"id":6447,"href":"http:\/\/ilan.tavsanli.bel.tr\/index.php\/wp-json\/wp\/v2\/posts\/6446\/revisions\/6447"}],"wp:attachment":[{"href":"http:\/\/ilan.tavsanli.bel.tr\/index.php\/wp-json\/wp\/v2\/media?parent=6446"}],"wp:term":[{"taxonomy":"category","embeddable":true,"href":"http:\/\/ilan.tavsanli.bel.tr\/index.php\/wp-json\/wp\/v2\/categories?post=6446"},{"taxonomy":"post_tag","embeddable":true,"href":"http:\/\/ilan.tavsanli.bel.tr\/index.php\/wp-json\/wp\/v2\/tags?post=6446"}],"curies":[{"name":"wp","href":"https:\/\/api.w.org\/{rel}","templated":true}]}}