{"id":6444,"date":"2024-04-30T08:04:59","date_gmt":"2024-04-30T08:04:59","guid":{"rendered":"http:\/\/ilan.tavsanli.bel.tr\/?p=6444"},"modified":"2024-04-30T08:04:59","modified_gmt":"2024-04-30T08:04:59","slug":"6444","status":"publish","type":"post","link":"http:\/\/ilan.tavsanli.bel.tr\/index.php\/2024\/04\/30\/6444\/","title":{"rendered":""},"content":{"rendered":"<p>Merhum Ahmet Bilgili\u2019nin o\u011flu, Mehmet Bilgili\u2019nin babas\u0131, \u015e\u00fckr\u00fc, merhum Mustafa ve merhum \u0130smail Bilgili\u2019nin karde\u015fi, merhum \u0130smail Akg\u00fcn\u2019\u00fcn damad\u0131, \u0130smail Koda\u015f\u2019\u0131n kay\u0131nbiraderi, Ramazan G\u00fcrb\u00fcz\u2019\u00fcn kay\u0131npederi, demir do\u011framac\u0131 MEHMET B\u0130LG\u0130L\u0130 vefat etmi\u015ftir. Cenazesi ulucamide k\u0131l\u0131nacak \u00f6\u011fle namaz\u0131n\u0131 m\u00fcteakip Tav\u015fanl\u0131 mezarl\u0131\u011f\u0131na defnedilecektir. Merhuma Allah\u2019tan rahmet ailesine ve yak\u0131nlar\u0131na ba\u015fsa\u011fl\u0131\u011f\u0131 dileriz.<\/p>\n","protected":false},"excerpt":{"rendered":"<p>Merhum Ahmet Bilgili\u2019nin o\u011flu, Mehmet Bilgili\u2019nin babas\u0131, \u015e\u00fckr\u00fc, merhum Mustafa ve merhum \u0130smail Bilgili\u2019nin karde\u015fi, merhum \u0130smail Akg\u00fcn\u2019\u00fcn damad\u0131, \u0130smail Koda\u015f\u2019\u0131n kay\u0131nbiraderi, Ramazan G\u00fcrb\u00fcz\u2019\u00fcn kay\u0131npederi, demir do\u011framac\u0131 MEHMET B\u0130LG\u0130L\u0130 vefat etmi\u015ftir. Cenazesi ulucamide k\u0131l\u0131nacak \u00f6\u011fle namaz\u0131n\u0131 m\u00fcteakip Tav\u015fanl\u0131 mezarl\u0131\u011f\u0131na defnedilecektir. Merhuma Allah\u2019tan rahmet ailesine ve yak\u0131nlar\u0131na ba\u015fsa\u011fl\u0131\u011f\u0131 dileriz.<\/p>\n","protected":false},"author":7,"featured_media":0,"comment_status":"closed","ping_status":"closed","sticky":false,"template":"","format":"standard","meta":[],"categories":[2],"tags":[],"_links":{"self":[{"href":"http:\/\/ilan.tavsanli.bel.tr\/index.php\/wp-json\/wp\/v2\/posts\/6444"}],"collection":[{"href":"http:\/\/ilan.tavsanli.bel.tr\/index.php\/wp-json\/wp\/v2\/posts"}],"about":[{"href":"http:\/\/ilan.tavsanli.bel.tr\/index.php\/wp-json\/wp\/v2\/types\/post"}],"author":[{"embeddable":true,"href":"http:\/\/ilan.tavsanli.bel.tr\/index.php\/wp-json\/wp\/v2\/users\/7"}],"replies":[{"embeddable":true,"href":"http:\/\/ilan.tavsanli.bel.tr\/index.php\/wp-json\/wp\/v2\/comments?post=6444"}],"version-history":[{"count":1,"href":"http:\/\/ilan.tavsanli.bel.tr\/index.php\/wp-json\/wp\/v2\/posts\/6444\/revisions"}],"predecessor-version":[{"id":6445,"href":"http:\/\/ilan.tavsanli.bel.tr\/index.php\/wp-json\/wp\/v2\/posts\/6444\/revisions\/6445"}],"wp:attachment":[{"href":"http:\/\/ilan.tavsanli.bel.tr\/index.php\/wp-json\/wp\/v2\/media?parent=6444"}],"wp:term":[{"taxonomy":"category","embeddable":true,"href":"http:\/\/ilan.tavsanli.bel.tr\/index.php\/wp-json\/wp\/v2\/categories?post=6444"},{"taxonomy":"post_tag","embeddable":true,"href":"http:\/\/ilan.tavsanli.bel.tr\/index.php\/wp-json\/wp\/v2\/tags?post=6444"}],"curies":[{"name":"wp","href":"https:\/\/api.w.org\/{rel}","templated":true}]}}