{"id":6442,"date":"2024-04-29T09:11:03","date_gmt":"2024-04-29T09:11:03","guid":{"rendered":"http:\/\/ilan.tavsanli.bel.tr\/?p=6442"},"modified":"2024-04-29T09:11:03","modified_gmt":"2024-04-29T09:11:03","slug":"6442","status":"publish","type":"post","link":"http:\/\/ilan.tavsanli.bel.tr\/index.php\/2024\/04\/29\/6442\/","title":{"rendered":""},"content":{"rendered":"<p>Domani\u00e7 karak\u00f6yden hasmellerin Mehmet Karak\u00f6yl\u00fco\u011flu\u2019nun o\u011flu, Memduh Karak\u00f6yl\u00fco\u011flu\u2019nun karde\u015fi, Bayram Din\u00e7 ve Ya\u015far Vural\u2019\u0131n kay\u0131npederi, AL\u0130 KARAK\u00d6YL\u00dcO\u011eLU vefat etmi\u015ftir. Cenazesi \u00f6\u011fle namaz\u0131n\u0131 m\u00fcteakip Domani\u00e7 karak\u00f6y mezarl\u0131\u011f\u0131na defnedilecektir. Merhuma Allah\u2019tan rahmet ailesine ve yak\u0131nlar\u0131na ba\u015fsa\u011fl\u0131\u011f\u0131 dileriz.<\/p>\n","protected":false},"excerpt":{"rendered":"<p>Domani\u00e7 karak\u00f6yden hasmellerin Mehmet Karak\u00f6yl\u00fco\u011flu\u2019nun o\u011flu, Memduh Karak\u00f6yl\u00fco\u011flu\u2019nun karde\u015fi, Bayram Din\u00e7 ve Ya\u015far Vural\u2019\u0131n kay\u0131npederi, AL\u0130 KARAK\u00d6YL\u00dcO\u011eLU vefat etmi\u015ftir. Cenazesi \u00f6\u011fle namaz\u0131n\u0131 m\u00fcteakip Domani\u00e7 karak\u00f6y mezarl\u0131\u011f\u0131na defnedilecektir. Merhuma Allah\u2019tan rahmet ailesine ve yak\u0131nlar\u0131na ba\u015fsa\u011fl\u0131\u011f\u0131 dileriz.<\/p>\n","protected":false},"author":7,"featured_media":0,"comment_status":"closed","ping_status":"closed","sticky":false,"template":"","format":"standard","meta":[],"categories":[2],"tags":[],"_links":{"self":[{"href":"http:\/\/ilan.tavsanli.bel.tr\/index.php\/wp-json\/wp\/v2\/posts\/6442"}],"collection":[{"href":"http:\/\/ilan.tavsanli.bel.tr\/index.php\/wp-json\/wp\/v2\/posts"}],"about":[{"href":"http:\/\/ilan.tavsanli.bel.tr\/index.php\/wp-json\/wp\/v2\/types\/post"}],"author":[{"embeddable":true,"href":"http:\/\/ilan.tavsanli.bel.tr\/index.php\/wp-json\/wp\/v2\/users\/7"}],"replies":[{"embeddable":true,"href":"http:\/\/ilan.tavsanli.bel.tr\/index.php\/wp-json\/wp\/v2\/comments?post=6442"}],"version-history":[{"count":1,"href":"http:\/\/ilan.tavsanli.bel.tr\/index.php\/wp-json\/wp\/v2\/posts\/6442\/revisions"}],"predecessor-version":[{"id":6443,"href":"http:\/\/ilan.tavsanli.bel.tr\/index.php\/wp-json\/wp\/v2\/posts\/6442\/revisions\/6443"}],"wp:attachment":[{"href":"http:\/\/ilan.tavsanli.bel.tr\/index.php\/wp-json\/wp\/v2\/media?parent=6442"}],"wp:term":[{"taxonomy":"category","embeddable":true,"href":"http:\/\/ilan.tavsanli.bel.tr\/index.php\/wp-json\/wp\/v2\/categories?post=6442"},{"taxonomy":"post_tag","embeddable":true,"href":"http:\/\/ilan.tavsanli.bel.tr\/index.php\/wp-json\/wp\/v2\/tags?post=6442"}],"curies":[{"name":"wp","href":"https:\/\/api.w.org\/{rel}","templated":true}]}}