{"id":643,"date":"2021-02-09T08:08:38","date_gmt":"2021-02-09T08:08:38","guid":{"rendered":"http:\/\/ilan.tavsanli.bel.tr\/?p=643"},"modified":"2021-02-09T08:08:46","modified_gmt":"2021-02-09T08:08:46","slug":"643","status":"publish","type":"post","link":"http:\/\/ilan.tavsanli.bel.tr\/index.php\/2021\/02\/09\/643\/","title":{"rendered":""},"content":{"rendered":"\n<p>\u00c7ukurk\u00f6y mahallesinden merhum Hasan H\u00fcseyin Arslanalp\u2019in e\u015fi Ahmet Arslanalp\u2019in annesi, merhum Sabahattin efe ve merhum Mehmet Alt\u0131nta\u015f\u0131n kay\u0131nvalidesi Hac\u0131 S\u00fcleyman ve Hac\u0131 Hasan Pala\u2019n\u0131n ablalar\u0131 vefat etmi\u015ftir. Cenazesi \u00f6\u011fle namaz\u0131na m\u00fcteakip \u00c7ukurk\u00f6y merkez mahallesi mezarl\u0131\u011f\u0131na defnedilecektir. Merhumeye &nbsp;Allah\u2019tan rahmet, ailesi ve yak\u0131nlar\u0131na ba\u015fsa\u011fl\u0131\u011f\u0131 dileriz.<\/p>\n","protected":false},"excerpt":{"rendered":"<p>\u00c7ukurk\u00f6y mahallesinden merhum Hasan H\u00fcseyin Arslanalp\u2019in e\u015fi Ahmet Arslanalp\u2019in annesi, merhum Sabahattin efe ve merhum Mehmet Alt\u0131nta\u015f\u0131n kay\u0131nvalidesi Hac\u0131 S\u00fcleyman ve Hac\u0131 Hasan Pala\u2019n\u0131n ablalar\u0131 vefat etmi\u015ftir. Cenazesi \u00f6\u011fle namaz\u0131na m\u00fcteakip \u00c7ukurk\u00f6y merkez mahallesi mezarl\u0131\u011f\u0131na defnedilecektir. Merhumeye &nbsp;Allah\u2019tan rahmet, ailesi ve yak\u0131nlar\u0131na ba\u015fsa\u011fl\u0131\u011f\u0131 dileriz.<\/p>\n","protected":false},"author":4,"featured_media":0,"comment_status":"closed","ping_status":"","sticky":false,"template":"","format":"standard","meta":[],"categories":[2],"tags":[],"_links":{"self":[{"href":"http:\/\/ilan.tavsanli.bel.tr\/index.php\/wp-json\/wp\/v2\/posts\/643"}],"collection":[{"href":"http:\/\/ilan.tavsanli.bel.tr\/index.php\/wp-json\/wp\/v2\/posts"}],"about":[{"href":"http:\/\/ilan.tavsanli.bel.tr\/index.php\/wp-json\/wp\/v2\/types\/post"}],"author":[{"embeddable":true,"href":"http:\/\/ilan.tavsanli.bel.tr\/index.php\/wp-json\/wp\/v2\/users\/4"}],"replies":[{"embeddable":true,"href":"http:\/\/ilan.tavsanli.bel.tr\/index.php\/wp-json\/wp\/v2\/comments?post=643"}],"version-history":[{"count":2,"href":"http:\/\/ilan.tavsanli.bel.tr\/index.php\/wp-json\/wp\/v2\/posts\/643\/revisions"}],"predecessor-version":[{"id":645,"href":"http:\/\/ilan.tavsanli.bel.tr\/index.php\/wp-json\/wp\/v2\/posts\/643\/revisions\/645"}],"wp:attachment":[{"href":"http:\/\/ilan.tavsanli.bel.tr\/index.php\/wp-json\/wp\/v2\/media?parent=643"}],"wp:term":[{"taxonomy":"category","embeddable":true,"href":"http:\/\/ilan.tavsanli.bel.tr\/index.php\/wp-json\/wp\/v2\/categories?post=643"},{"taxonomy":"post_tag","embeddable":true,"href":"http:\/\/ilan.tavsanli.bel.tr\/index.php\/wp-json\/wp\/v2\/tags?post=643"}],"curies":[{"name":"wp","href":"https:\/\/api.w.org\/{rel}","templated":true}]}}