{"id":6428,"date":"2024-04-27T08:22:29","date_gmt":"2024-04-27T08:22:29","guid":{"rendered":"http:\/\/ilan.tavsanli.bel.tr\/?p=6428"},"modified":"2024-04-27T08:22:29","modified_gmt":"2024-04-27T08:22:29","slug":"6428","status":"publish","type":"post","link":"http:\/\/ilan.tavsanli.bel.tr\/index.php\/2024\/04\/27\/6428\/","title":{"rendered":""},"content":{"rendered":"<p>Merhum \u00d6mer Akda\u011f&#8217;\u0131n o\u011flu, Ahmet Akda\u011f&#8217;\u0131n karde\u015fi, Ahmet Akda\u011f&#8217;\u0131n babas\u0131, Ramazan ve Ali \u00c7\u00f6mez&#8217;in kay\u0131npederi, AHMET AL\u0130 AKDA\u011e vefat etmi\u015ftir. Cenazesi killik camisinde k\u0131l\u0131nacak \u00f6\u011fle namaz\u0131n\u0131 m\u00fcteakip yeni yaylac\u0131k mezarl\u0131\u011f\u0131na defnedilecektir. Merhuma allah&#8217;tan rahmet ailesine ve yak\u0131nlar\u0131na ba\u015fsa\u011fl\u0131\u011f\u0131 dileriz.<\/p>\n","protected":false},"excerpt":{"rendered":"<p>Merhum \u00d6mer Akda\u011f&#8217;\u0131n o\u011flu, Ahmet Akda\u011f&#8217;\u0131n karde\u015fi, Ahmet Akda\u011f&#8217;\u0131n babas\u0131, Ramazan ve Ali \u00c7\u00f6mez&#8217;in kay\u0131npederi, AHMET AL\u0130 AKDA\u011e vefat etmi\u015ftir. Cenazesi killik camisinde k\u0131l\u0131nacak \u00f6\u011fle namaz\u0131n\u0131 m\u00fcteakip yeni yaylac\u0131k mezarl\u0131\u011f\u0131na defnedilecektir. Merhuma allah&#8217;tan rahmet ailesine ve yak\u0131nlar\u0131na ba\u015fsa\u011fl\u0131\u011f\u0131 dileriz.<\/p>\n","protected":false},"author":7,"featured_media":0,"comment_status":"closed","ping_status":"closed","sticky":false,"template":"","format":"standard","meta":[],"categories":[2],"tags":[],"_links":{"self":[{"href":"http:\/\/ilan.tavsanli.bel.tr\/index.php\/wp-json\/wp\/v2\/posts\/6428"}],"collection":[{"href":"http:\/\/ilan.tavsanli.bel.tr\/index.php\/wp-json\/wp\/v2\/posts"}],"about":[{"href":"http:\/\/ilan.tavsanli.bel.tr\/index.php\/wp-json\/wp\/v2\/types\/post"}],"author":[{"embeddable":true,"href":"http:\/\/ilan.tavsanli.bel.tr\/index.php\/wp-json\/wp\/v2\/users\/7"}],"replies":[{"embeddable":true,"href":"http:\/\/ilan.tavsanli.bel.tr\/index.php\/wp-json\/wp\/v2\/comments?post=6428"}],"version-history":[{"count":1,"href":"http:\/\/ilan.tavsanli.bel.tr\/index.php\/wp-json\/wp\/v2\/posts\/6428\/revisions"}],"predecessor-version":[{"id":6429,"href":"http:\/\/ilan.tavsanli.bel.tr\/index.php\/wp-json\/wp\/v2\/posts\/6428\/revisions\/6429"}],"wp:attachment":[{"href":"http:\/\/ilan.tavsanli.bel.tr\/index.php\/wp-json\/wp\/v2\/media?parent=6428"}],"wp:term":[{"taxonomy":"category","embeddable":true,"href":"http:\/\/ilan.tavsanli.bel.tr\/index.php\/wp-json\/wp\/v2\/categories?post=6428"},{"taxonomy":"post_tag","embeddable":true,"href":"http:\/\/ilan.tavsanli.bel.tr\/index.php\/wp-json\/wp\/v2\/tags?post=6428"}],"curies":[{"name":"wp","href":"https:\/\/api.w.org\/{rel}","templated":true}]}}