{"id":6411,"date":"2024-04-22T11:15:33","date_gmt":"2024-04-22T11:15:33","guid":{"rendered":"http:\/\/ilan.tavsanli.bel.tr\/?p=6411"},"modified":"2024-04-22T11:15:33","modified_gmt":"2024-04-22T11:15:33","slug":"6411","status":"publish","type":"post","link":"http:\/\/ilan.tavsanli.bel.tr\/index.php\/2024\/04\/22\/6411\/","title":{"rendered":""},"content":{"rendered":"<p>G\u00fcm\u00fc\u015f g\u00f6lc\u00fck k\u00f6y\u00fcnden Mehmet Bahad\u0131r\u2019\u0131n e\u015fi, \u00d6mer G\u00f6k, Ahmet Bozbey, Orhan Y\u0131ld\u0131z ve Mustafa G\u00fcler\u2019in kay\u0131nvalidesi, KADR\u0130YE BAHADIR vefat etmi\u015ftir. Cenazesi \u00f6\u011fle namaz\u0131n\u0131 m\u00fcteakip g\u00fcm\u00fc\u015f g\u00f6lc\u00fck k\u00f6y\u00fc mezarl\u0131\u011f\u0131na defnedilecektir. Merhumeye Allah\u2019tan rahmet ailesine ve yak\u0131nlar\u0131na ba\u015fsa\u011fl\u0131\u011f\u0131 dileriz.<\/p>\n","protected":false},"excerpt":{"rendered":"<p>G\u00fcm\u00fc\u015f g\u00f6lc\u00fck k\u00f6y\u00fcnden Mehmet Bahad\u0131r\u2019\u0131n e\u015fi, \u00d6mer G\u00f6k, Ahmet Bozbey, Orhan Y\u0131ld\u0131z ve Mustafa G\u00fcler\u2019in kay\u0131nvalidesi, KADR\u0130YE BAHADIR vefat etmi\u015ftir. Cenazesi \u00f6\u011fle namaz\u0131n\u0131 m\u00fcteakip g\u00fcm\u00fc\u015f g\u00f6lc\u00fck k\u00f6y\u00fc mezarl\u0131\u011f\u0131na defnedilecektir. Merhumeye Allah\u2019tan rahmet ailesine ve yak\u0131nlar\u0131na ba\u015fsa\u011fl\u0131\u011f\u0131 dileriz.<\/p>\n","protected":false},"author":7,"featured_media":0,"comment_status":"closed","ping_status":"closed","sticky":false,"template":"","format":"standard","meta":[],"categories":[2],"tags":[],"_links":{"self":[{"href":"http:\/\/ilan.tavsanli.bel.tr\/index.php\/wp-json\/wp\/v2\/posts\/6411"}],"collection":[{"href":"http:\/\/ilan.tavsanli.bel.tr\/index.php\/wp-json\/wp\/v2\/posts"}],"about":[{"href":"http:\/\/ilan.tavsanli.bel.tr\/index.php\/wp-json\/wp\/v2\/types\/post"}],"author":[{"embeddable":true,"href":"http:\/\/ilan.tavsanli.bel.tr\/index.php\/wp-json\/wp\/v2\/users\/7"}],"replies":[{"embeddable":true,"href":"http:\/\/ilan.tavsanli.bel.tr\/index.php\/wp-json\/wp\/v2\/comments?post=6411"}],"version-history":[{"count":1,"href":"http:\/\/ilan.tavsanli.bel.tr\/index.php\/wp-json\/wp\/v2\/posts\/6411\/revisions"}],"predecessor-version":[{"id":6412,"href":"http:\/\/ilan.tavsanli.bel.tr\/index.php\/wp-json\/wp\/v2\/posts\/6411\/revisions\/6412"}],"wp:attachment":[{"href":"http:\/\/ilan.tavsanli.bel.tr\/index.php\/wp-json\/wp\/v2\/media?parent=6411"}],"wp:term":[{"taxonomy":"category","embeddable":true,"href":"http:\/\/ilan.tavsanli.bel.tr\/index.php\/wp-json\/wp\/v2\/categories?post=6411"},{"taxonomy":"post_tag","embeddable":true,"href":"http:\/\/ilan.tavsanli.bel.tr\/index.php\/wp-json\/wp\/v2\/tags?post=6411"}],"curies":[{"name":"wp","href":"https:\/\/api.w.org\/{rel}","templated":true}]}}