{"id":641,"date":"2021-02-09T08:08:22","date_gmt":"2021-02-09T08:08:22","guid":{"rendered":"http:\/\/ilan.tavsanli.bel.tr\/?p=641"},"modified":"2021-02-09T08:08:22","modified_gmt":"2021-02-09T08:08:22","slug":"641","status":"publish","type":"post","link":"http:\/\/ilan.tavsanli.bel.tr\/index.php\/2021\/02\/09\/641\/","title":{"rendered":""},"content":{"rendered":"\n<p>Merhum Mustafa Viranc\u0131k\u2019\u0131n \u00a0e\u015fi, merhum Ahmet Bulut ve Mustafa Uslu&#8217;nun kay\u0131nvalidesi, \u00d6zel \u0130dare\u00a0 M\u00fcd\u00fcrl\u00fc\u011f\u00fc \u00e7al\u0131\u015fanlar\u0131ndan Ekrem Bulut &#8216;un B\u00fcy\u00fck annesi Hasbiye V\u0130RANCIK vefat etmi\u015ftir. Cenazesi Saat 14.00 de Tav\u015fanl\u0131 mezarl\u0131\u011f\u0131na defnedilecektir. Merhumeye \u00a0Allah\u2019tan rahmet, ailesi ve yak\u0131nlar\u0131na ba\u015fsa\u011fl\u0131\u011f\u0131 dileriz.<\/p>\n","protected":false},"excerpt":{"rendered":"<p>Merhum Mustafa Viranc\u0131k\u2019\u0131n \u00a0e\u015fi, merhum Ahmet Bulut ve Mustafa Uslu&#8217;nun kay\u0131nvalidesi, \u00d6zel \u0130dare\u00a0 M\u00fcd\u00fcrl\u00fc\u011f\u00fc \u00e7al\u0131\u015fanlar\u0131ndan Ekrem Bulut &#8216;un B\u00fcy\u00fck annesi Hasbiye V\u0130RANCIK vefat etmi\u015ftir. Cenazesi Saat 14.00 de Tav\u015fanl\u0131 mezarl\u0131\u011f\u0131na defnedilecektir. Merhumeye \u00a0Allah\u2019tan rahmet, ailesi ve yak\u0131nlar\u0131na ba\u015fsa\u011fl\u0131\u011f\u0131 dileriz.<\/p>\n","protected":false},"author":4,"featured_media":0,"comment_status":"closed","ping_status":"","sticky":false,"template":"","format":"standard","meta":[],"categories":[2],"tags":[],"_links":{"self":[{"href":"http:\/\/ilan.tavsanli.bel.tr\/index.php\/wp-json\/wp\/v2\/posts\/641"}],"collection":[{"href":"http:\/\/ilan.tavsanli.bel.tr\/index.php\/wp-json\/wp\/v2\/posts"}],"about":[{"href":"http:\/\/ilan.tavsanli.bel.tr\/index.php\/wp-json\/wp\/v2\/types\/post"}],"author":[{"embeddable":true,"href":"http:\/\/ilan.tavsanli.bel.tr\/index.php\/wp-json\/wp\/v2\/users\/4"}],"replies":[{"embeddable":true,"href":"http:\/\/ilan.tavsanli.bel.tr\/index.php\/wp-json\/wp\/v2\/comments?post=641"}],"version-history":[{"count":1,"href":"http:\/\/ilan.tavsanli.bel.tr\/index.php\/wp-json\/wp\/v2\/posts\/641\/revisions"}],"predecessor-version":[{"id":642,"href":"http:\/\/ilan.tavsanli.bel.tr\/index.php\/wp-json\/wp\/v2\/posts\/641\/revisions\/642"}],"wp:attachment":[{"href":"http:\/\/ilan.tavsanli.bel.tr\/index.php\/wp-json\/wp\/v2\/media?parent=641"}],"wp:term":[{"taxonomy":"category","embeddable":true,"href":"http:\/\/ilan.tavsanli.bel.tr\/index.php\/wp-json\/wp\/v2\/categories?post=641"},{"taxonomy":"post_tag","embeddable":true,"href":"http:\/\/ilan.tavsanli.bel.tr\/index.php\/wp-json\/wp\/v2\/tags?post=641"}],"curies":[{"name":"wp","href":"https:\/\/api.w.org\/{rel}","templated":true}]}}