{"id":6405,"date":"2024-04-17T12:10:46","date_gmt":"2024-04-17T12:10:46","guid":{"rendered":"http:\/\/ilan.tavsanli.bel.tr\/?p=6405"},"modified":"2024-04-17T12:10:46","modified_gmt":"2024-04-17T12:10:46","slug":"6405","status":"publish","type":"post","link":"http:\/\/ilan.tavsanli.bel.tr\/index.php\/2024\/04\/17\/6405\/","title":{"rendered":""},"content":{"rendered":"<p>Merhum Mehmet \u0130l\u00e7i\u2019nin e\u015fi, Bayram ve merhum Ali \u0130l\u00e7i\u2019nin anneleri, Hasan Erkek ve merhum Mehmet Demir\u2019in kay\u0131nvalidesi, EM\u0130NE \u0130L\u00c7\u0130 vefat etmi\u015ftir. Cenazesi \u00e7a\u011fr\u0131 camisinde k\u0131l\u0131nacak ikindi namaz\u0131n\u0131 m\u00fcteakip yeni yaylac\u0131k mezarl\u0131\u011f\u0131na defnedilecektir. Merhumeye Allah\u2019tan rahmet ailesine ve yak\u0131nlar\u0131na ba\u015fsa\u011fl\u0131\u011f\u0131 dileriz.<\/p>\n","protected":false},"excerpt":{"rendered":"<p>Merhum Mehmet \u0130l\u00e7i\u2019nin e\u015fi, Bayram ve merhum Ali \u0130l\u00e7i\u2019nin anneleri, Hasan Erkek ve merhum Mehmet Demir\u2019in kay\u0131nvalidesi, EM\u0130NE \u0130L\u00c7\u0130 vefat etmi\u015ftir. Cenazesi \u00e7a\u011fr\u0131 camisinde k\u0131l\u0131nacak ikindi namaz\u0131n\u0131 m\u00fcteakip yeni yaylac\u0131k mezarl\u0131\u011f\u0131na defnedilecektir. Merhumeye Allah\u2019tan rahmet ailesine ve yak\u0131nlar\u0131na ba\u015fsa\u011fl\u0131\u011f\u0131 dileriz.<\/p>\n","protected":false},"author":7,"featured_media":0,"comment_status":"closed","ping_status":"closed","sticky":false,"template":"","format":"standard","meta":[],"categories":[2],"tags":[],"_links":{"self":[{"href":"http:\/\/ilan.tavsanli.bel.tr\/index.php\/wp-json\/wp\/v2\/posts\/6405"}],"collection":[{"href":"http:\/\/ilan.tavsanli.bel.tr\/index.php\/wp-json\/wp\/v2\/posts"}],"about":[{"href":"http:\/\/ilan.tavsanli.bel.tr\/index.php\/wp-json\/wp\/v2\/types\/post"}],"author":[{"embeddable":true,"href":"http:\/\/ilan.tavsanli.bel.tr\/index.php\/wp-json\/wp\/v2\/users\/7"}],"replies":[{"embeddable":true,"href":"http:\/\/ilan.tavsanli.bel.tr\/index.php\/wp-json\/wp\/v2\/comments?post=6405"}],"version-history":[{"count":1,"href":"http:\/\/ilan.tavsanli.bel.tr\/index.php\/wp-json\/wp\/v2\/posts\/6405\/revisions"}],"predecessor-version":[{"id":6406,"href":"http:\/\/ilan.tavsanli.bel.tr\/index.php\/wp-json\/wp\/v2\/posts\/6405\/revisions\/6406"}],"wp:attachment":[{"href":"http:\/\/ilan.tavsanli.bel.tr\/index.php\/wp-json\/wp\/v2\/media?parent=6405"}],"wp:term":[{"taxonomy":"category","embeddable":true,"href":"http:\/\/ilan.tavsanli.bel.tr\/index.php\/wp-json\/wp\/v2\/categories?post=6405"},{"taxonomy":"post_tag","embeddable":true,"href":"http:\/\/ilan.tavsanli.bel.tr\/index.php\/wp-json\/wp\/v2\/tags?post=6405"}],"curies":[{"name":"wp","href":"https:\/\/api.w.org\/{rel}","templated":true}]}}