{"id":639,"date":"2021-02-09T08:08:06","date_gmt":"2021-02-09T08:08:06","guid":{"rendered":"http:\/\/ilan.tavsanli.bel.tr\/?p=639"},"modified":"2021-02-09T08:08:06","modified_gmt":"2021-02-09T08:08:06","slug":"639","status":"publish","type":"post","link":"http:\/\/ilan.tavsanli.bel.tr\/index.php\/2021\/02\/09\/639\/","title":{"rendered":""},"content":{"rendered":"\n<p>Tepecik Beldesinden Ali ve H\u00fcseyin \u00d6zcan\u2019\u0131n a\u011fabeyi \u0130smail \u00d6zcan\u2019\u0131n babas\u0131 S\u00fcleyman Ak\u0131n, Ahmet \u00d6zcan ve Mehmet Demir\u2019in kay\u0131npederi Termik emekli i\u015f\u00e7ilerinden ENVER \u00d6ZCAN vefat etmi\u015ftir. Cenazesi Saat:12.00 de Tepecik Belde mezarl\u0131\u011f\u0131na defnedilecektir. Merhuma \u00a0Allah\u2019tan rahmet, ailesi ve yak\u0131nlar\u0131na ba\u015fsa\u011fl\u0131\u011f\u0131 dileriz.<\/p>\n","protected":false},"excerpt":{"rendered":"<p>Tepecik Beldesinden Ali ve H\u00fcseyin \u00d6zcan\u2019\u0131n a\u011fabeyi \u0130smail \u00d6zcan\u2019\u0131n babas\u0131 S\u00fcleyman Ak\u0131n, Ahmet \u00d6zcan ve Mehmet Demir\u2019in kay\u0131npederi Termik emekli i\u015f\u00e7ilerinden ENVER \u00d6ZCAN vefat etmi\u015ftir. Cenazesi Saat:12.00 de Tepecik Belde mezarl\u0131\u011f\u0131na defnedilecektir. Merhuma \u00a0Allah\u2019tan rahmet, ailesi ve yak\u0131nlar\u0131na ba\u015fsa\u011fl\u0131\u011f\u0131 dileriz.<\/p>\n","protected":false},"author":4,"featured_media":0,"comment_status":"closed","ping_status":"","sticky":false,"template":"","format":"standard","meta":[],"categories":[2],"tags":[],"_links":{"self":[{"href":"http:\/\/ilan.tavsanli.bel.tr\/index.php\/wp-json\/wp\/v2\/posts\/639"}],"collection":[{"href":"http:\/\/ilan.tavsanli.bel.tr\/index.php\/wp-json\/wp\/v2\/posts"}],"about":[{"href":"http:\/\/ilan.tavsanli.bel.tr\/index.php\/wp-json\/wp\/v2\/types\/post"}],"author":[{"embeddable":true,"href":"http:\/\/ilan.tavsanli.bel.tr\/index.php\/wp-json\/wp\/v2\/users\/4"}],"replies":[{"embeddable":true,"href":"http:\/\/ilan.tavsanli.bel.tr\/index.php\/wp-json\/wp\/v2\/comments?post=639"}],"version-history":[{"count":1,"href":"http:\/\/ilan.tavsanli.bel.tr\/index.php\/wp-json\/wp\/v2\/posts\/639\/revisions"}],"predecessor-version":[{"id":640,"href":"http:\/\/ilan.tavsanli.bel.tr\/index.php\/wp-json\/wp\/v2\/posts\/639\/revisions\/640"}],"wp:attachment":[{"href":"http:\/\/ilan.tavsanli.bel.tr\/index.php\/wp-json\/wp\/v2\/media?parent=639"}],"wp:term":[{"taxonomy":"category","embeddable":true,"href":"http:\/\/ilan.tavsanli.bel.tr\/index.php\/wp-json\/wp\/v2\/categories?post=639"},{"taxonomy":"post_tag","embeddable":true,"href":"http:\/\/ilan.tavsanli.bel.tr\/index.php\/wp-json\/wp\/v2\/tags?post=639"}],"curies":[{"name":"wp","href":"https:\/\/api.w.org\/{rel}","templated":true}]}}