{"id":6389,"date":"2024-04-16T08:41:01","date_gmt":"2024-04-16T08:41:01","guid":{"rendered":"http:\/\/ilan.tavsanli.bel.tr\/?p=6389"},"modified":"2024-04-16T08:41:01","modified_gmt":"2024-04-16T08:41:01","slug":"6389","status":"publish","type":"post","link":"http:\/\/ilan.tavsanli.bel.tr\/index.php\/2024\/04\/16\/6389\/","title":{"rendered":""},"content":{"rendered":"<p>Derbent k\u00f6y\u00fcnden merhum \u0130brahim \u00d6zsoy\u2019un e\u015fi, Fatih \u00d6zsoy\u2019un annesi, Recep Karaca, \u00d6mer Atabey, Turan Ceyhan ve S\u00fcleyman Yeni\u2019nin kay\u0131nvalidesi, AY\u015eE \u00d6ZSOY vefat etmi\u015ftir. Cenazesi \u00f6\u011fle namaz\u0131n\u0131 m\u00fcteakip derbent k\u00f6y\u00fc mezarl\u0131\u011f\u0131na defnedilecektir. Merhumeye Allah\u2019tan rahmet ailesine ve yak\u0131nlar\u0131na ba\u015fsa\u011fl\u0131\u011f\u0131 dileriz.<\/p>\n","protected":false},"excerpt":{"rendered":"<p>Derbent k\u00f6y\u00fcnden merhum \u0130brahim \u00d6zsoy\u2019un e\u015fi, Fatih \u00d6zsoy\u2019un annesi, Recep Karaca, \u00d6mer Atabey, Turan Ceyhan ve S\u00fcleyman Yeni\u2019nin kay\u0131nvalidesi, AY\u015eE \u00d6ZSOY vefat etmi\u015ftir. Cenazesi \u00f6\u011fle namaz\u0131n\u0131 m\u00fcteakip derbent k\u00f6y\u00fc mezarl\u0131\u011f\u0131na defnedilecektir. Merhumeye Allah\u2019tan rahmet ailesine ve yak\u0131nlar\u0131na ba\u015fsa\u011fl\u0131\u011f\u0131 dileriz.<\/p>\n","protected":false},"author":7,"featured_media":0,"comment_status":"closed","ping_status":"closed","sticky":false,"template":"","format":"standard","meta":[],"categories":[2],"tags":[],"_links":{"self":[{"href":"http:\/\/ilan.tavsanli.bel.tr\/index.php\/wp-json\/wp\/v2\/posts\/6389"}],"collection":[{"href":"http:\/\/ilan.tavsanli.bel.tr\/index.php\/wp-json\/wp\/v2\/posts"}],"about":[{"href":"http:\/\/ilan.tavsanli.bel.tr\/index.php\/wp-json\/wp\/v2\/types\/post"}],"author":[{"embeddable":true,"href":"http:\/\/ilan.tavsanli.bel.tr\/index.php\/wp-json\/wp\/v2\/users\/7"}],"replies":[{"embeddable":true,"href":"http:\/\/ilan.tavsanli.bel.tr\/index.php\/wp-json\/wp\/v2\/comments?post=6389"}],"version-history":[{"count":1,"href":"http:\/\/ilan.tavsanli.bel.tr\/index.php\/wp-json\/wp\/v2\/posts\/6389\/revisions"}],"predecessor-version":[{"id":6390,"href":"http:\/\/ilan.tavsanli.bel.tr\/index.php\/wp-json\/wp\/v2\/posts\/6389\/revisions\/6390"}],"wp:attachment":[{"href":"http:\/\/ilan.tavsanli.bel.tr\/index.php\/wp-json\/wp\/v2\/media?parent=6389"}],"wp:term":[{"taxonomy":"category","embeddable":true,"href":"http:\/\/ilan.tavsanli.bel.tr\/index.php\/wp-json\/wp\/v2\/categories?post=6389"},{"taxonomy":"post_tag","embeddable":true,"href":"http:\/\/ilan.tavsanli.bel.tr\/index.php\/wp-json\/wp\/v2\/tags?post=6389"}],"curies":[{"name":"wp","href":"https:\/\/api.w.org\/{rel}","templated":true}]}}