{"id":6383,"date":"2024-04-16T08:35:49","date_gmt":"2024-04-16T08:35:49","guid":{"rendered":"http:\/\/ilan.tavsanli.bel.tr\/?p=6383"},"modified":"2024-04-16T08:35:49","modified_gmt":"2024-04-16T08:35:49","slug":"6383","status":"publish","type":"post","link":"http:\/\/ilan.tavsanli.bel.tr\/index.php\/2024\/04\/16\/6383\/","title":{"rendered":""},"content":{"rendered":"<div class=\"x1e56ztr\" data-block=\"true\" data-editor=\"8ej8v\" data-offset-key=\"agiap-0-0\">\n<div class=\"_1mf _1mj\" data-offset-key=\"agiap-0-0\"><span data-offset-key=\"agiap-0-0\">\u00c7ardakl\u0131 mahallesinden \u0130sa Kahraman\u2019\u0131n abisi, Fatma ve Yusuf Kahraman\u2019\u0131n babalar\u0131, Mustafa Fedai\u2019nin kay\u0131npederi, RIZVAN KAHRAMAN vefat etmi\u015ftir. Cenazesi \u00f6\u011fle namaz\u0131n\u0131 m\u00fcteakip \u00e7ardakl\u0131 mahallesi mezarl\u0131\u011f\u0131na defnedilecektir. Merhuma Allah\u2019tan rahmet ailesine ve yak\u0131nlar\u0131na ba\u015fsa\u011fl\u0131\u011f\u0131 dileriz.<\/span><\/div>\n<\/div>\n<div class=\"x1e56ztr\" data-block=\"true\" data-editor=\"8ej8v\" data-offset-key=\"7on14-0-0\"><\/div>\n","protected":false},"excerpt":{"rendered":"<p>\u00c7ardakl\u0131 mahallesinden \u0130sa Kahraman\u2019\u0131n abisi, Fatma ve Yusuf Kahraman\u2019\u0131n babalar\u0131, Mustafa Fedai\u2019nin kay\u0131npederi, RIZVAN KAHRAMAN vefat etmi\u015ftir. Cenazesi \u00f6\u011fle namaz\u0131n\u0131 m\u00fcteakip \u00e7ardakl\u0131 mahallesi mezarl\u0131\u011f\u0131na defnedilecektir. Merhuma Allah\u2019tan rahmet ailesine ve yak\u0131nlar\u0131na ba\u015fsa\u011fl\u0131\u011f\u0131 dileriz.<\/p>\n","protected":false},"author":7,"featured_media":0,"comment_status":"closed","ping_status":"closed","sticky":false,"template":"","format":"standard","meta":[],"categories":[2],"tags":[],"_links":{"self":[{"href":"http:\/\/ilan.tavsanli.bel.tr\/index.php\/wp-json\/wp\/v2\/posts\/6383"}],"collection":[{"href":"http:\/\/ilan.tavsanli.bel.tr\/index.php\/wp-json\/wp\/v2\/posts"}],"about":[{"href":"http:\/\/ilan.tavsanli.bel.tr\/index.php\/wp-json\/wp\/v2\/types\/post"}],"author":[{"embeddable":true,"href":"http:\/\/ilan.tavsanli.bel.tr\/index.php\/wp-json\/wp\/v2\/users\/7"}],"replies":[{"embeddable":true,"href":"http:\/\/ilan.tavsanli.bel.tr\/index.php\/wp-json\/wp\/v2\/comments?post=6383"}],"version-history":[{"count":1,"href":"http:\/\/ilan.tavsanli.bel.tr\/index.php\/wp-json\/wp\/v2\/posts\/6383\/revisions"}],"predecessor-version":[{"id":6384,"href":"http:\/\/ilan.tavsanli.bel.tr\/index.php\/wp-json\/wp\/v2\/posts\/6383\/revisions\/6384"}],"wp:attachment":[{"href":"http:\/\/ilan.tavsanli.bel.tr\/index.php\/wp-json\/wp\/v2\/media?parent=6383"}],"wp:term":[{"taxonomy":"category","embeddable":true,"href":"http:\/\/ilan.tavsanli.bel.tr\/index.php\/wp-json\/wp\/v2\/categories?post=6383"},{"taxonomy":"post_tag","embeddable":true,"href":"http:\/\/ilan.tavsanli.bel.tr\/index.php\/wp-json\/wp\/v2\/tags?post=6383"}],"curies":[{"name":"wp","href":"https:\/\/api.w.org\/{rel}","templated":true}]}}