{"id":6370,"date":"2024-04-12T09:34:01","date_gmt":"2024-04-12T09:34:01","guid":{"rendered":"http:\/\/ilan.tavsanli.bel.tr\/?p=6370"},"modified":"2024-04-12T09:34:01","modified_gmt":"2024-04-12T09:34:01","slug":"6370","status":"publish","type":"post","link":"http:\/\/ilan.tavsanli.bel.tr\/index.php\/2024\/04\/12\/6370\/","title":{"rendered":""},"content":{"rendered":"<p>K\u00f6pr\u00fccek k\u00f6y\u00fcnden, merhum Mustafa Bahad\u0131r&#8217;\u0131n e\u015fi, \u015eerife, Selahaddin, Ekrem ve Aladdin Bahad\u0131r&#8217;\u0131n anneleri AY\u015eE BAHADIR vefat etmi\u015ftir. Cenazesi cuma namaz\u0131n\u0131 m\u00fcteakip k\u00f6pr\u00fccek k\u00f6y\u00fc mezarl\u0131\u011f\u0131na defnedilecektir. Merhumeye allah&#8217;tan rahmet ailesine ve yak\u0131nlar\u0131na ba\u015fsa\u011fl\u0131\u011f\u0131 dileriz.<\/p>\n","protected":false},"excerpt":{"rendered":"<p>K\u00f6pr\u00fccek k\u00f6y\u00fcnden, merhum Mustafa Bahad\u0131r&#8217;\u0131n e\u015fi, \u015eerife, Selahaddin, Ekrem ve Aladdin Bahad\u0131r&#8217;\u0131n anneleri AY\u015eE BAHADIR vefat etmi\u015ftir. Cenazesi cuma namaz\u0131n\u0131 m\u00fcteakip k\u00f6pr\u00fccek k\u00f6y\u00fc mezarl\u0131\u011f\u0131na defnedilecektir. Merhumeye allah&#8217;tan rahmet ailesine ve yak\u0131nlar\u0131na ba\u015fsa\u011fl\u0131\u011f\u0131 dileriz.<\/p>\n","protected":false},"author":7,"featured_media":0,"comment_status":"closed","ping_status":"closed","sticky":false,"template":"","format":"standard","meta":[],"categories":[2],"tags":[],"_links":{"self":[{"href":"http:\/\/ilan.tavsanli.bel.tr\/index.php\/wp-json\/wp\/v2\/posts\/6370"}],"collection":[{"href":"http:\/\/ilan.tavsanli.bel.tr\/index.php\/wp-json\/wp\/v2\/posts"}],"about":[{"href":"http:\/\/ilan.tavsanli.bel.tr\/index.php\/wp-json\/wp\/v2\/types\/post"}],"author":[{"embeddable":true,"href":"http:\/\/ilan.tavsanli.bel.tr\/index.php\/wp-json\/wp\/v2\/users\/7"}],"replies":[{"embeddable":true,"href":"http:\/\/ilan.tavsanli.bel.tr\/index.php\/wp-json\/wp\/v2\/comments?post=6370"}],"version-history":[{"count":1,"href":"http:\/\/ilan.tavsanli.bel.tr\/index.php\/wp-json\/wp\/v2\/posts\/6370\/revisions"}],"predecessor-version":[{"id":6371,"href":"http:\/\/ilan.tavsanli.bel.tr\/index.php\/wp-json\/wp\/v2\/posts\/6370\/revisions\/6371"}],"wp:attachment":[{"href":"http:\/\/ilan.tavsanli.bel.tr\/index.php\/wp-json\/wp\/v2\/media?parent=6370"}],"wp:term":[{"taxonomy":"category","embeddable":true,"href":"http:\/\/ilan.tavsanli.bel.tr\/index.php\/wp-json\/wp\/v2\/categories?post=6370"},{"taxonomy":"post_tag","embeddable":true,"href":"http:\/\/ilan.tavsanli.bel.tr\/index.php\/wp-json\/wp\/v2\/tags?post=6370"}],"curies":[{"name":"wp","href":"https:\/\/api.w.org\/{rel}","templated":true}]}}