{"id":6368,"date":"2024-04-12T08:16:30","date_gmt":"2024-04-12T08:16:30","guid":{"rendered":"http:\/\/ilan.tavsanli.bel.tr\/?p=6368"},"modified":"2024-04-12T08:16:30","modified_gmt":"2024-04-12T08:16:30","slug":"6368","status":"publish","type":"post","link":"http:\/\/ilan.tavsanli.bel.tr\/index.php\/2024\/04\/12\/6368\/","title":{"rendered":""},"content":{"rendered":"<p>Karc\u0131k k\u00f6y\u00fcnden, Sabri, Mehmet ve merhum Halil \u0130brahim Karayel&#8217;in karde\u015fi, Mustafa, Memi\u015f ve \u015eenol Karayel&#8217;in babalar\u0131, Hikmet Karayel&#8217;in kay\u0131npederi, S\u00dcLEYMAN KARAYEL vefat etmi\u015ftir. Cenazesi mevlana camisinde k\u0131l\u0131nacak cuma namaz\u0131n\u0131 m\u00fcteakip tav\u015fanl\u0131 mezarl\u0131\u011f\u0131na defnedilecektir. Merhuma Allah&#8217;tan rahmet ailesine ve yak\u0131nlar\u0131na ba\u015fsa\u011fl\u0131\u011f\u0131 dileriz.<\/p>\n","protected":false},"excerpt":{"rendered":"<p>Karc\u0131k k\u00f6y\u00fcnden, Sabri, Mehmet ve merhum Halil \u0130brahim Karayel&#8217;in karde\u015fi, Mustafa, Memi\u015f ve \u015eenol Karayel&#8217;in babalar\u0131, Hikmet Karayel&#8217;in kay\u0131npederi, S\u00dcLEYMAN KARAYEL vefat etmi\u015ftir. Cenazesi mevlana camisinde k\u0131l\u0131nacak cuma namaz\u0131n\u0131 m\u00fcteakip tav\u015fanl\u0131 mezarl\u0131\u011f\u0131na defnedilecektir. Merhuma Allah&#8217;tan rahmet ailesine ve yak\u0131nlar\u0131na ba\u015fsa\u011fl\u0131\u011f\u0131 dileriz.<\/p>\n","protected":false},"author":7,"featured_media":0,"comment_status":"closed","ping_status":"closed","sticky":false,"template":"","format":"standard","meta":[],"categories":[2],"tags":[],"_links":{"self":[{"href":"http:\/\/ilan.tavsanli.bel.tr\/index.php\/wp-json\/wp\/v2\/posts\/6368"}],"collection":[{"href":"http:\/\/ilan.tavsanli.bel.tr\/index.php\/wp-json\/wp\/v2\/posts"}],"about":[{"href":"http:\/\/ilan.tavsanli.bel.tr\/index.php\/wp-json\/wp\/v2\/types\/post"}],"author":[{"embeddable":true,"href":"http:\/\/ilan.tavsanli.bel.tr\/index.php\/wp-json\/wp\/v2\/users\/7"}],"replies":[{"embeddable":true,"href":"http:\/\/ilan.tavsanli.bel.tr\/index.php\/wp-json\/wp\/v2\/comments?post=6368"}],"version-history":[{"count":1,"href":"http:\/\/ilan.tavsanli.bel.tr\/index.php\/wp-json\/wp\/v2\/posts\/6368\/revisions"}],"predecessor-version":[{"id":6369,"href":"http:\/\/ilan.tavsanli.bel.tr\/index.php\/wp-json\/wp\/v2\/posts\/6368\/revisions\/6369"}],"wp:attachment":[{"href":"http:\/\/ilan.tavsanli.bel.tr\/index.php\/wp-json\/wp\/v2\/media?parent=6368"}],"wp:term":[{"taxonomy":"category","embeddable":true,"href":"http:\/\/ilan.tavsanli.bel.tr\/index.php\/wp-json\/wp\/v2\/categories?post=6368"},{"taxonomy":"post_tag","embeddable":true,"href":"http:\/\/ilan.tavsanli.bel.tr\/index.php\/wp-json\/wp\/v2\/tags?post=6368"}],"curies":[{"name":"wp","href":"https:\/\/api.w.org\/{rel}","templated":true}]}}