{"id":6324,"date":"2024-04-02T11:30:58","date_gmt":"2024-04-02T11:30:58","guid":{"rendered":"http:\/\/ilan.tavsanli.bel.tr\/?p=6324"},"modified":"2024-04-02T11:54:34","modified_gmt":"2024-04-02T11:54:34","slug":"6324","status":"publish","type":"post","link":"http:\/\/ilan.tavsanli.bel.tr\/index.php\/2024\/04\/02\/6324\/","title":{"rendered":""},"content":{"rendered":"<p>Merhum \u0130smail Durdu\u2019nun k\u0131z\u0131, merhum Kamil Varda\u2019n\u0131n e\u015fi, Serap ve Hasan H\u00fcseyin Varda\u2019n\u0131n anneleri, Veli Tayfur&#8217;un kay\u0131nvalidesi, \u0130smail Bal, Ahmet Durdu, Hacer \u00c7al\u0131\u015fkan, Beyhan Karabulut, Ayfer Korkmaz ve Fatma Yaylac\u0131kl\u0131\u2019n\u0131n ablas\u0131, SUZAN VARDA vefat etmi\u015ftir. Cenazesi moymul yukar\u0131 camisinde k\u0131l\u0131nacak ikindi namaz\u0131n\u0131 m\u00fcteakip moymul mahallesine defnedilecektir. Merhumeye Allah\u2019tan rahmet ailesine ve yak\u0131nlara ba\u015fsa\u011fl\u0131\u011f\u0131 dileriz.<\/p>\n","protected":false},"excerpt":{"rendered":"<p>Merhum \u0130smail Durdu\u2019nun k\u0131z\u0131, merhum Kamil Varda\u2019n\u0131n e\u015fi, Serap ve Hasan H\u00fcseyin Varda\u2019n\u0131n anneleri, Veli Tayfur&#8217;un kay\u0131nvalidesi, \u0130smail Bal, Ahmet Durdu, Hacer \u00c7al\u0131\u015fkan, Beyhan Karabulut, Ayfer Korkmaz ve Fatma Yaylac\u0131kl\u0131\u2019n\u0131n ablas\u0131, SUZAN VARDA vefat etmi\u015ftir. Cenazesi moymul yukar\u0131 camisinde k\u0131l\u0131nacak ikindi namaz\u0131n\u0131 m\u00fcteakip moymul mahallesine defnedilecektir. Merhumeye Allah\u2019tan rahmet ailesine ve yak\u0131nlara ba\u015fsa\u011fl\u0131\u011f\u0131 dileriz.<\/p>\n","protected":false},"author":7,"featured_media":0,"comment_status":"closed","ping_status":"closed","sticky":false,"template":"","format":"standard","meta":[],"categories":[2],"tags":[],"_links":{"self":[{"href":"http:\/\/ilan.tavsanli.bel.tr\/index.php\/wp-json\/wp\/v2\/posts\/6324"}],"collection":[{"href":"http:\/\/ilan.tavsanli.bel.tr\/index.php\/wp-json\/wp\/v2\/posts"}],"about":[{"href":"http:\/\/ilan.tavsanli.bel.tr\/index.php\/wp-json\/wp\/v2\/types\/post"}],"author":[{"embeddable":true,"href":"http:\/\/ilan.tavsanli.bel.tr\/index.php\/wp-json\/wp\/v2\/users\/7"}],"replies":[{"embeddable":true,"href":"http:\/\/ilan.tavsanli.bel.tr\/index.php\/wp-json\/wp\/v2\/comments?post=6324"}],"version-history":[{"count":3,"href":"http:\/\/ilan.tavsanli.bel.tr\/index.php\/wp-json\/wp\/v2\/posts\/6324\/revisions"}],"predecessor-version":[{"id":6326,"href":"http:\/\/ilan.tavsanli.bel.tr\/index.php\/wp-json\/wp\/v2\/posts\/6324\/revisions\/6326"}],"wp:attachment":[{"href":"http:\/\/ilan.tavsanli.bel.tr\/index.php\/wp-json\/wp\/v2\/media?parent=6324"}],"wp:term":[{"taxonomy":"category","embeddable":true,"href":"http:\/\/ilan.tavsanli.bel.tr\/index.php\/wp-json\/wp\/v2\/categories?post=6324"},{"taxonomy":"post_tag","embeddable":true,"href":"http:\/\/ilan.tavsanli.bel.tr\/index.php\/wp-json\/wp\/v2\/tags?post=6324"}],"curies":[{"name":"wp","href":"https:\/\/api.w.org\/{rel}","templated":true}]}}