{"id":6316,"date":"2024-04-02T11:29:56","date_gmt":"2024-04-02T11:29:56","guid":{"rendered":"http:\/\/ilan.tavsanli.bel.tr\/?p=6316"},"modified":"2024-04-02T11:29:56","modified_gmt":"2024-04-02T11:29:56","slug":"6316","status":"publish","type":"post","link":"http:\/\/ilan.tavsanli.bel.tr\/index.php\/2024\/04\/02\/6316\/","title":{"rendered":""},"content":{"rendered":"<p>Tav\u015fanl\u0131 e\u015fraf\u0131ndan \u015eevket Dibeko\u011flu\u2019nun e\u015fi, Feridun ve Halil \u0130brahim Dibeko\u011flu\u2019nun anneleri, Osman \u00d6zden\u2019in kay\u0131nvalidesi, FEVZ\u0130YE D\u0130BEKO\u011eLU vefat etmi\u015ftir. Cenazesi ulucamide k\u0131l\u0131nacak ikindi namaz\u0131n\u0131 m\u00fcteakip Tav\u015fanl\u0131 mezarl\u0131\u011f\u0131na defnedilecektir. Merhumeye Allah\u2019tan rahmet ailesine ve yak\u0131nlar\u0131na ba\u015fsa\u011fl\u0131\u011f\u0131 dileriz.<\/p>\n","protected":false},"excerpt":{"rendered":"<p>Tav\u015fanl\u0131 e\u015fraf\u0131ndan \u015eevket Dibeko\u011flu\u2019nun e\u015fi, Feridun ve Halil \u0130brahim Dibeko\u011flu\u2019nun anneleri, Osman \u00d6zden\u2019in kay\u0131nvalidesi, FEVZ\u0130YE D\u0130BEKO\u011eLU vefat etmi\u015ftir. Cenazesi ulucamide k\u0131l\u0131nacak ikindi namaz\u0131n\u0131 m\u00fcteakip Tav\u015fanl\u0131 mezarl\u0131\u011f\u0131na defnedilecektir. Merhumeye Allah\u2019tan rahmet ailesine ve yak\u0131nlar\u0131na ba\u015fsa\u011fl\u0131\u011f\u0131 dileriz.<\/p>\n","protected":false},"author":7,"featured_media":0,"comment_status":"closed","ping_status":"closed","sticky":false,"template":"","format":"standard","meta":[],"categories":[2],"tags":[],"_links":{"self":[{"href":"http:\/\/ilan.tavsanli.bel.tr\/index.php\/wp-json\/wp\/v2\/posts\/6316"}],"collection":[{"href":"http:\/\/ilan.tavsanli.bel.tr\/index.php\/wp-json\/wp\/v2\/posts"}],"about":[{"href":"http:\/\/ilan.tavsanli.bel.tr\/index.php\/wp-json\/wp\/v2\/types\/post"}],"author":[{"embeddable":true,"href":"http:\/\/ilan.tavsanli.bel.tr\/index.php\/wp-json\/wp\/v2\/users\/7"}],"replies":[{"embeddable":true,"href":"http:\/\/ilan.tavsanli.bel.tr\/index.php\/wp-json\/wp\/v2\/comments?post=6316"}],"version-history":[{"count":1,"href":"http:\/\/ilan.tavsanli.bel.tr\/index.php\/wp-json\/wp\/v2\/posts\/6316\/revisions"}],"predecessor-version":[{"id":6317,"href":"http:\/\/ilan.tavsanli.bel.tr\/index.php\/wp-json\/wp\/v2\/posts\/6316\/revisions\/6317"}],"wp:attachment":[{"href":"http:\/\/ilan.tavsanli.bel.tr\/index.php\/wp-json\/wp\/v2\/media?parent=6316"}],"wp:term":[{"taxonomy":"category","embeddable":true,"href":"http:\/\/ilan.tavsanli.bel.tr\/index.php\/wp-json\/wp\/v2\/categories?post=6316"},{"taxonomy":"post_tag","embeddable":true,"href":"http:\/\/ilan.tavsanli.bel.tr\/index.php\/wp-json\/wp\/v2\/tags?post=6316"}],"curies":[{"name":"wp","href":"https:\/\/api.w.org\/{rel}","templated":true}]}}